{"id":17982,"date":"2024-02-19T10:07:25","date_gmt":"2024-02-19T13:07:25","guid":{"rendered":"https:\/\/maxradio923.com.ar\/index.php\/2024\/02\/19\/gobierno-anuncia-aumento-del-12-para-docentes-en-marzo\/"},"modified":"2024-02-19T10:07:25","modified_gmt":"2024-02-19T13:07:25","slug":"gobierno-anuncia-aumento-del-12-para-docentes-en-marzo","status":"publish","type":"post","link":"https:\/\/maxradio923.com.ar\/index.php\/2024\/02\/19\/gobierno-anuncia-aumento-del-12-para-docentes-en-marzo\/","title":{"rendered":"Gobierno Anuncia Aumento del 12% para Docentes en Marzo"},"content":{"rendered":"<p><img decoding=\"async\" src=\"https:\/\/diariod3.com\/wp-content\/uploads\/2024\/02\/WhatsApp-Image-2024-02-16-at-12.15.28-1-scaled.jpeg\"\/><\/p>\n<p>Achem explic\u00f3 que la paritaria seguir\u00e1 abierta, y la negociaci\u00f3n se llevar\u00e1 a cabo mes a mes, al menos hasta mediados de a\u00f1o, para brindar tranquilidad a los trabajadores y asegurar que se realiza el \u00abm\u00e1ximo esfuerzo\u00bb.<\/p>\n<p>\u00abEl gobernador nos dio instrucciones para ofrecer un 12% m\u00e1s para el mes de marzo al b\u00e1sico\u00bb, indic\u00f3 Achem. Tambi\u00e9n se\u00f1al\u00f3 que el ministro de Econom\u00eda tiene previsto pagar los sueldos con el aumento del 15% el 29 de febrero y el bono de 50 mil pesos en la primera semana de marzo, compensando el aumento que no se pudo otorgar en enero.<\/p>\n<p>Ante el rechazo de UDAP, AMET y UDA, Achem expres\u00f3 su sorpresa, mencionando que no hay confrontaci\u00f3n y que se busca avanzar en las negociaciones para llegar a un acuerdo satisfactorio para ambas partes.<\/p>\n<p>OP: Juan Llarena<\/p>\n<p>La entrada Gobierno Anuncia Aumento del 12% para Docentes en Marzo se public\u00f3 primero en DIARIO D3 NOTICIAS | SAN JUAN ARGENTINA.<\/p>\n","protected":false},"excerpt":{"rendered":"<p>Achem explic\u00f3 que la paritaria seguir\u00e1 abierta, y la negociaci\u00f3n se llevar\u00e1 a cabo mes a mes, al menos hasta mediados de a\u00f1o, para brindar tranquilidad a los trabajadores y asegurar que se realiza el \u00abm\u00e1ximo esfuerzo\u00bb.<br \/>\n \u00abEl gobernador nos dio instrucciones para ofrecer un 12% m\u00e1s para el mes de marzo al b\u00e1sico\u00bb, indic\u00f3 Achem. Tambi\u00e9n se\u00f1al\u00f3 que el ministro de Econom\u00eda tiene previsto pagar los sueldos con el aumento del 15% el 29 de febrero y el bono de 50 mil pesos en la primera semana de marzo, compensando el aumento que no se pudo otorgar en enero.<br \/>\n Ante el rechazo de UDAP, AMET y UDA, Achem expres\u00f3 su sorpresa, mencionando que no hay confrontaci\u00f3n y que se busca avanzar en las negociaciones para llegar a un acuerdo satisfactorio para ambas partes.<br \/>\n OP: Juan Llarena<br \/>\n La entrada Gobierno Anuncia Aumento del 12% para Docentes en Marzo se public\u00f3 primero en DIARIO D3 NOTICIAS | SAN JUAN ARGENTINA.<\/p>\n","protected":false},"author":2,"featured_media":17983,"comment_status":"","ping_status":"","sticky":false,"template":"","format":"standard","meta":{"footnotes":""},"categories":[8],"tags":[],"_links":{"self":[{"href":"https:\/\/maxradio923.com.ar\/index.php\/wp-json\/wp\/v2\/posts\/17982"}],"collection":[{"href":"https:\/\/maxradio923.com.ar\/index.php\/wp-json\/wp\/v2\/posts"}],"about":[{"href":"https:\/\/maxradio923.com.ar\/index.php\/wp-json\/wp\/v2\/types\/post"}],"author":[{"embeddable":true,"href":"https:\/\/maxradio923.com.ar\/index.php\/wp-json\/wp\/v2\/users\/2"}],"replies":[{"embeddable":true,"href":"https:\/\/maxradio923.com.ar\/index.php\/wp-json\/wp\/v2\/comments?post=17982"}],"version-history":[{"count":0,"href":"https:\/\/maxradio923.com.ar\/index.php\/wp-json\/wp\/v2\/posts\/17982\/revisions"}],"wp:featuredmedia":[{"embeddable":true,"href":"https:\/\/maxradio923.com.ar\/index.php\/wp-json\/wp\/v2\/media\/17983"}],"wp:attachment":[{"href":"https:\/\/maxradio923.com.ar\/index.php\/wp-json\/wp\/v2\/media?parent=17982"}],"wp:term":[{"taxonomy":"category","embeddable":true,"href":"https:\/\/maxradio923.com.ar\/index.php\/wp-json\/wp\/v2\/categories?post=17982"},{"taxonomy":"post_tag","embeddable":true,"href":"https:\/\/maxradio923.com.ar\/index.php\/wp-json\/wp\/v2\/tags?post=17982"}],"curies":[{"name":"wp","href":"https:\/\/api.w.org\/{rel}","templated":true}]}}