{"id":17980,"date":"2024-02-19T10:06:57","date_gmt":"2024-02-19T13:06:57","guid":{"rendered":"https:\/\/maxradio923.com.ar\/index.php\/2024\/02\/19\/viaje-de-milei-a-corrientes-el-eje-sera-la-batalla-cultural-segun-los-organizadores\/"},"modified":"2024-02-19T10:06:57","modified_gmt":"2024-02-19T13:06:57","slug":"viaje-de-milei-a-corrientes-el-eje-sera-la-batalla-cultural-segun-los-organizadores","status":"publish","type":"post","link":"https:\/\/maxradio923.com.ar\/index.php\/2024\/02\/19\/viaje-de-milei-a-corrientes-el-eje-sera-la-batalla-cultural-segun-los-organizadores\/","title":{"rendered":"Viaje de Milei a Corrientes: el eje ser\u00e1 \u00abla batalla cultural\u00bb, seg\u00fan los organizadores"},"content":{"rendered":"<p><img decoding=\"async\" src=\"https:\/\/diariod3.com\/wp-content\/uploads\/2024\/02\/javier-milei-foto-telam-victoria-gesualdijpg.webp\"\/><br \/>\nDi\u00e1logo de \u00c1mbito con el presidente del Club de la Libertad, Alberto Medina M\u00e9ndez, y con su director, Ricardo Leconte (hijo)<\/p>\n<p>Por Ariel Basile<\/p>\n<figure><img decoding=\"async\" src=\"https:\/\/media.ambito.com\/p\/2b5bf80e7106cca345b9352d4c361b0b\/adjuntos\/239\/imagenes\/041\/326\/0041326164\/javier-milei-foto-telam-victoria-gesualdijpg.jpg\" alt=\"Javier-Milei-Foto-Telam-Victoria-Gesualdi.jpg\"\/><figcaption>Telam<\/figcaption><\/figure>\n<p>Sorprendi\u00f3 que en la cargada agenda presidencial, en medios de la puja con distintos actores como los gobernadores y gremios, <strong>Javier Milei hiciera un hueco para volar hoy a Corrientes<\/strong> para participar del d\u00e9cimo aniversario del <strong>Club de la Libertad<\/strong>.<\/p>\n<p>Se trata, en rigor, de una entidad que mantiene v\u00ednculo con Milei desde sus inicios en 2014 y si bien desde <strong>Corrientes<\/strong> le hab\u00edan pedido una participaci\u00f3n virtual, el propio Presidente fue quien se mostr\u00f3 entusiasmado y pidi\u00f3 estar de modo presencial. As\u00ed lo aseguraron a <strong>\u00c1mbito<\/strong> dos organizadores de la celebraci\u00f3n: <strong>el presidente del Club, Alberto Medina M\u00e9ndez, y el director, Ricardo Leconte (hijo). <\/strong>Ambos se\u00f1alaron que el di\u00e1logo que tendr\u00e1n con el jefe de Estado tendr\u00e1 como eje <strong>\u201cla batalla cultural\u201d<\/strong>, en relaci\u00f3n al cambio de ideas de la sociedad.<\/p>\n<p>\u201cCon Javier tenemos una relaci\u00f3n muy larga. Ya en el primer a\u00f1o de vida del Club, cuando no ten\u00eda trascendencia en los medios, vino a dar una <strong>conferencia en un congreso de econom\u00eda<\/strong>. Despu\u00e9s hicimos otras actividades, lo vimos ocho veces otras cuatro charlas virtuales mano a mano hemos tenido. Tambi\u00e9n hicimos un evento en Chaco y otro en Posadas\u201d, expres\u00f3 a este medio <strong>Medina M\u00e9ndez<\/strong>.<br \/>\nPor su parte, Laconte dijo a \u00c1mbito que el <strong>Club de la Libertad de Corrientes surgi\u00f3 en a\u00f1os de gesti\u00f3n de un \u201cgobierno populista\u201d.<\/strong> \u201cLa idea era generar conferencias, ciclos de lectura, desayunos, congresos de econom\u00eda, encuentros de j\u00f3venes liberales. Entre ellos estaba el acad\u00e9mico<strong> Javier Milei<\/strong>, quien colabor\u00f3 con nosotros en cada momento\u201d, dijo. Lacote es hijo de un exgobernador de Corrientes, hom\u00f3nimo, quien triunf\u00f3 en 1987 por el <strong>Partido Liberal correntino<\/strong>, el segundo m\u00e1s antiguo de Sudam\u00e9rica. As\u00ed, el distrito hoy gobernado por el radical<strong> Gustavo Vald\u00e9s <\/strong>tiene una larga tradici\u00f3n en las ideas libertarias.<br \/>\n\u201cEse v\u00ednculo nos permiti\u00f3 estar en permanente contacto. Por los diez a\u00f1os empez\u00f3 la conversaci\u00f3n para que viniera; imagin\u00e1bamos que era dif\u00edcil, por la agenda presidencial. Se acercaron fechas y acept\u00f3 la invitaci\u00f3n, era una cosa imposible\u201d, confes\u00f3 el presidente del Club. <strong>Medina M\u00e9ndez se\u00f1al\u00f3 en esperan unas cuatro mil personas: mil en el sal\u00f3n principal y el resto afuera.<\/strong>Se espera que el Presidente viaje en vuelo de l\u00ednea y luego se traslade los 12 km que lo separan del centro de convenciones \u00abEspacio Andes\u00bb, ubicado en la avenida Maip\u00fa 3840 de la capital correntina. <strong>En la provincia aguardan tambi\u00e9n la presencia del vocero Manuel Adorni. <\/strong>Luego, Milei tendr\u00e1 una reuni\u00f3n privada con Medina M\u00e9ndez.<\/p>\n<p>\u201cHablamos de la batalla cultural\u201d, dijo el dirigente liberal. Al ser consultado sobre esa batalla, expres\u00f3: \u201cSomos un tanque de pensamiento, un espacio de debate, protagonistas de ideas de la libertad. La din\u00e1mica de la sociedad nos lleva a una conversaci\u00f3n sobre las convicciones y obviamente sobre el cambio de demandas. Eso es porque se est\u00e1 generando una batalla cultural\u201d. \u201c<strong>Vamos a intentar conversar sobre ese proceso, sobre el cambio de visi\u00f3n de la sociedad\u201d, a\u00f1adi\u00f3<\/strong>. \u201cQueremos contar el proceso intelectual, la escuela de pensamiento liberal, los matices que hay, por lo que Milei ha pasado, con evoluciones\u201d, cerr\u00f3 Medina M\u00e9ndez.<\/p>\n<p>Para complementar, Laconte afirm\u00f3: \u201cHemos participado en la edici\u00f3n de dos de sus libros, \u00e9l es parte de la historia del club. Hay una relaci\u00f3n cercana que hemos tenido con Milei, fuimos testigos de su crecimiento pol\u00edtico\u201d.<\/p>\n<p>La entrada <a href=\"https:\/\/diariod3.com\/viaje-de-milei-a-corrientes-el-eje-sera-la-batalla-cultural-segun-los-organizadores\/\" rel=\"noreferrer noopener\" target=\"_blank\">Viaje de Milei a Corrientes: el eje ser\u00e1 \u00abla batalla cultural\u00bb, seg\u00fan los organizadores<\/a> se public\u00f3 primero en <a href=\"https:\/\/diariod3.com\/\" rel=\"noreferrer noopener\" target=\"_blank\">DIARIO D3 NOTICIAS | SAN JUAN ARGENTINA<\/a>.<\/p>\n","protected":false},"excerpt":{"rendered":"<p>Di\u00e1logo de \u00c1mbito con el presidente del Club de la Libertad, Alberto Medina M\u00e9ndez, y con su director, Ricardo Leconte (hijo)<\/p>\n<p>Por Ariel Basile<\/p>\n<p>Telam<\/p>\n<p>Sorprendi\u00f3 que en la cargada agenda presidencial, en medios de la puja con distintos actores como los gobernadores y gremios, Javier Milei hiciera un hueco para volar hoy a Corrientes para participar del d\u00e9cimo aniversario del Club de la Libertad.<\/p>\n<p>Se trata, en rigor, de una entidad que mantiene v\u00ednculo con Milei desde sus inicios en 2014 y si bien desde Corrientes le hab\u00edan pedido una participaci\u00f3n virtual, el propio Presidente fue quien se mostr\u00f3 entusiasmado y pidi\u00f3 estar de modo presencial. As\u00ed lo aseguraron a \u00c1mbito dos organizadores de la celebraci\u00f3n: el presidente del Club, Alberto Medina M\u00e9ndez, y el director, Ricardo Leconte (hijo). Ambos se\u00f1alaron que el di\u00e1logo que tendr\u00e1n con el jefe de Estado tendr\u00e1 como eje \u201cla batalla cultural\u201d, en relaci\u00f3n al cambio de ideas de la sociedad.<\/p>\n<p>\u201cCon Javier tenemos una relaci\u00f3n muy larga. Ya..<\/p>\n","protected":false},"author":2,"featured_media":17981,"comment_status":"","ping_status":"","sticky":false,"template":"","format":"standard","meta":{"footnotes":""},"categories":[12],"tags":[],"_links":{"self":[{"href":"https:\/\/maxradio923.com.ar\/index.php\/wp-json\/wp\/v2\/posts\/17980"}],"collection":[{"href":"https:\/\/maxradio923.com.ar\/index.php\/wp-json\/wp\/v2\/posts"}],"about":[{"href":"https:\/\/maxradio923.com.ar\/index.php\/wp-json\/wp\/v2\/types\/post"}],"author":[{"embeddable":true,"href":"https:\/\/maxradio923.com.ar\/index.php\/wp-json\/wp\/v2\/users\/2"}],"replies":[{"embeddable":true,"href":"https:\/\/maxradio923.com.ar\/index.php\/wp-json\/wp\/v2\/comments?post=17980"}],"version-history":[{"count":0,"href":"https:\/\/maxradio923.com.ar\/index.php\/wp-json\/wp\/v2\/posts\/17980\/revisions"}],"wp:featuredmedia":[{"embeddable":true,"href":"https:\/\/maxradio923.com.ar\/index.php\/wp-json\/wp\/v2\/media\/17981"}],"wp:attachment":[{"href":"https:\/\/maxradio923.com.ar\/index.php\/wp-json\/wp\/v2\/media?parent=17980"}],"wp:term":[{"taxonomy":"category","embeddable":true,"href":"https:\/\/maxradio923.com.ar\/index.php\/wp-json\/wp\/v2\/categories?post=17980"},{"taxonomy":"post_tag","embeddable":true,"href":"https:\/\/maxradio923.com.ar\/index.php\/wp-json\/wp\/v2\/tags?post=17980"}],"curies":[{"name":"wp","href":"https:\/\/api.w.org\/{rel}","templated":true}]}}