{"id":17978,"date":"2024-02-19T10:06:56","date_gmt":"2024-02-19T13:06:56","guid":{"rendered":"https:\/\/maxradio923.com.ar\/index.php\/2024\/02\/19\/javier-milei-y-mauricio-macri-preven-juntarse-esta-semana-para-terminar-de-delinear-la-alianza\/"},"modified":"2024-02-19T10:06:56","modified_gmt":"2024-02-19T13:06:56","slug":"javier-milei-y-mauricio-macri-preven-juntarse-esta-semana-para-terminar-de-delinear-la-alianza","status":"publish","type":"post","link":"https:\/\/maxradio923.com.ar\/index.php\/2024\/02\/19\/javier-milei-y-mauricio-macri-preven-juntarse-esta-semana-para-terminar-de-delinear-la-alianza\/","title":{"rendered":"Javier Milei y Mauricio Macri prev\u00e9n juntarse esta semana para terminar de delinear la alianza"},"content":{"rendered":"<p><img decoding=\"async\" src=\"https:\/\/diariod3.com\/wp-content\/uploads\/2024\/02\/milei-macri-bullrichjpeg.webp\"\/><br \/>\nSi bien no hay fecha, Macri regresa de sus vacaciones en la Patagonia, por lo que se estima que la reuni\u00f3n podr\u00eda concretarse en las pr\u00f3ximas horas.<\/p>\n<figure><img decoding=\"async\" src=\"https:\/\/media.ambito.com\/p\/fa321f8ca6db87be211483fc44a88089\/adjuntos\/239\/imagenes\/041\/136\/0041136930\/655x368\/smart\/milei-macri-bullrichjpeg.jpeg\" alt=\"Javier Milei y Mauricio Macri prev\u00e9n juntarse esta semana.\"\/><figcaption>\n<p>Javier Milei y Mauricio Macri prev\u00e9n juntarse esta semana.<\/p>\n<\/figcaption><\/figure>\n<p>El presidente <strong>Javier Milei<\/strong> y el exmandatario <strong>Mauricio Macri <\/strong>tienen previsto encontrarse esta semana. Si bien no hay fecha, Macri regresa de sus vacaciones en la Patagonia, por lo que se estima que la reuni\u00f3n podr\u00eda concretarse en las pr\u00f3ximas horas. <\/p>\n<p>El Jefe de Estado tiene una agenda cargada. Este lunes visitar\u00e1 Corrientes invitado al congreso de la Fundaci\u00f3n Club de la Libertad y en alg\u00fan momento de la semana har\u00e1 un viaje rel\u00e1mpago a Washington para participar de la Conferencia de la Acci\u00f3n Pol\u00edtica Conservadora (CPAC, seg\u00fan sus siglas en ingl\u00e9s), el encuentro anual m\u00e1s importante de la derecha norteamericana. El evento (que desde hace algunos a\u00f1os devino en un Trumpfest) tendr\u00e1 lugar entre el mi\u00e9rcoles 21 y el s\u00e1bado 24.<\/p>\n<p>En tanto, el viernes 23 llegar\u00e1 al pa\u00eds el secretario de Estado de Estados Unidos, <strong>Antony Blinken, <\/strong>un funcionario de alt\u00edsimo nivel de la administraci\u00f3n de Joe Biden. La idea es que Milei vuelva a Buenos Aires a tiempo para recibirlo.<\/p>\n<p>En el medio de la ajetreada agenda, la expectativa es que Milei y Macri concreten en la semana<strong> un primer acercamiento cara a cara<\/strong> para intercambiar <strong>visiones e intenciones ante una posible integraci\u00f3n m\u00e1s profunda entre La Libertad Avanza (LLA) y PRO.<\/strong><\/p>\n<p>Seg\u00fan pudo reconstruir <strong>\u00c1mbito<\/strong>, Karina Milei mantuvo el jueves un encuentro con Hern\u00e1n Lombardi, un hombre ligado a <strong>Patricia Bullrich<\/strong>, quien a su vez es el nexo entre ambos partidos. De hecho, desde el entorno cambiemita se\u00f1alaron a este medio que, a su regreso de la Patagonia, Mauricio Macri quiere reunirse con la ministra de Seguridad antes de tomar cualquier decisi\u00f3n.<\/p>\n<h2>Para Ritondo, Macri deber\u00eda retomar \u00abel liderazgo formal del PRO\u00bb en reemplazo dd Bullrich<\/h2>\n<p>El diputado nacional <strong>Cristian Ritondo<\/strong> afirm\u00f3 que la coalici\u00f3n Juntos por el Cambio \u00abcomo se conoc\u00eda ya no existe\u00bb y asegur\u00f3 que el expresidente Mauricio Macri deber\u00eda ser quien retome \u00abel liderazgo formal del PRO\u00bb como titular de partido.<\/p>\n<p>\u00abJuntos por el Cambio como se conoc\u00eda ya no existe. Podemos tener una buena relaci\u00f3n en el Congreso, estrategias en com\u00fan y compartirlas. Los gobernadores intentan hacer un bloque en forma conjunta, pero sin dudas hoy nos plantamos y nos identificamos de distintas formas\u00bb, afirm\u00f3 Ritondo en declaraciones a radio Rivadavia.<\/p>\n<p>El jefe de bloque del PRO en la C\u00e1mara de Diputados a\u00f1adi\u00f3 que el partido \u00aben su gran mayor\u00eda ha decidido acompa\u00f1ar al presidente Javier Milei en la segunda vuelta\u00bb pero no lo ha hecho el resto de Juntos por el Cambio e incluso apunt\u00f3 que \u00abhay dirigentes que se han expresado duramente con el presidente Milei esta semana\u00bb, en alusi\u00f3n al senador Mart\u00edn Lousteau (UCR), aunque sin nombrarlo.<\/p>\n<p>\u00abMacri sin dudas tiene un liderazgo dentro del PRO. Estamos en un proceso de normalizaci\u00f3n partidaria, nuestra presidente y hoy ministra de Seguridad, Patricia Bullrich no va a reelegir. Yo soy de los que creen que Mauricio Macri debe retomar el liderazgo formal del PRO\u00bb, afirm\u00f3.<\/p>\n<p>La entrada <a href=\"https:\/\/diariod3.com\/64087-2\/\" rel=\"noreferrer noopener\" target=\"_blank\">Javier Milei y Mauricio Macri prev\u00e9n juntarse esta semana para terminar de delinear la alianza<\/a> se public\u00f3 primero en <a href=\"https:\/\/diariod3.com\/\" rel=\"noreferrer noopener\" target=\"_blank\">DIARIO D3 NOTICIAS | SAN JUAN ARGENTINA<\/a>.<\/p>\n","protected":false},"excerpt":{"rendered":"<p>Si bien no hay fecha, Macri regresa de sus vacaciones en la Patagonia, por lo que se estima que la reuni\u00f3n podr\u00eda concretarse en las pr\u00f3ximas horas.<\/p>\n<p>Javier Milei y Mauricio Macri prev\u00e9n juntarse esta semana.<\/p>\n<p>El presidente Javier Milei y el exmandatario Mauricio Macri tienen previsto encontrarse esta semana. Si bien no hay fecha, Macri regresa de sus vacaciones en la Patagonia, por lo que se estima que la reuni\u00f3n podr\u00eda concretarse en las pr\u00f3ximas horas. <\/p>\n<p>El Jefe de Estado tiene una agenda cargada. Este lunes visitar\u00e1 Corrientes invitado al congreso de la Fundaci\u00f3n Club de la Libertad y en alg\u00fan momento de la semana har\u00e1 un viaje rel\u00e1mpago a Washington para participar de la Conferencia de la Acci\u00f3n Pol\u00edtica Conservadora (CPAC, seg\u00fan sus siglas en ingl\u00e9s), el encuentro anual m\u00e1s importante de la derecha norteamericana. El evento (que desde hace algunos a\u00f1os devino en un Trumpfest) tendr\u00e1 lugar entre el mi\u00e9rcoles 21 y el s\u00e1bado 24.<\/p>\n<p>En tanto, el viernes 23 llegar\u00e1 al pa\u00eds el secretario..<\/p>\n","protected":false},"author":2,"featured_media":17979,"comment_status":"","ping_status":"","sticky":false,"template":"","format":"standard","meta":{"footnotes":""},"categories":[12],"tags":[],"_links":{"self":[{"href":"https:\/\/maxradio923.com.ar\/index.php\/wp-json\/wp\/v2\/posts\/17978"}],"collection":[{"href":"https:\/\/maxradio923.com.ar\/index.php\/wp-json\/wp\/v2\/posts"}],"about":[{"href":"https:\/\/maxradio923.com.ar\/index.php\/wp-json\/wp\/v2\/types\/post"}],"author":[{"embeddable":true,"href":"https:\/\/maxradio923.com.ar\/index.php\/wp-json\/wp\/v2\/users\/2"}],"replies":[{"embeddable":true,"href":"https:\/\/maxradio923.com.ar\/index.php\/wp-json\/wp\/v2\/comments?post=17978"}],"version-history":[{"count":0,"href":"https:\/\/maxradio923.com.ar\/index.php\/wp-json\/wp\/v2\/posts\/17978\/revisions"}],"wp:featuredmedia":[{"embeddable":true,"href":"https:\/\/maxradio923.com.ar\/index.php\/wp-json\/wp\/v2\/media\/17979"}],"wp:attachment":[{"href":"https:\/\/maxradio923.com.ar\/index.php\/wp-json\/wp\/v2\/media?parent=17978"}],"wp:term":[{"taxonomy":"category","embeddable":true,"href":"https:\/\/maxradio923.com.ar\/index.php\/wp-json\/wp\/v2\/categories?post=17978"},{"taxonomy":"post_tag","embeddable":true,"href":"https:\/\/maxradio923.com.ar\/index.php\/wp-json\/wp\/v2\/tags?post=17978"}],"curies":[{"name":"wp","href":"https:\/\/api.w.org\/{rel}","templated":true}]}}