{"id":17974,"date":"2024-02-19T10:06:31","date_gmt":"2024-02-19T13:06:31","guid":{"rendered":"https:\/\/maxradio923.com.ar\/index.php\/2024\/02\/19\/mas-de-2000-personas-disfrutaron-la-chaya-en-la-feria-del-encuentro-de-ullum\/"},"modified":"2024-02-19T10:06:31","modified_gmt":"2024-02-19T13:06:31","slug":"mas-de-2000-personas-disfrutaron-la-chaya-en-la-feria-del-encuentro-de-ullum","status":"publish","type":"post","link":"https:\/\/maxradio923.com.ar\/index.php\/2024\/02\/19\/mas-de-2000-personas-disfrutaron-la-chaya-en-la-feria-del-encuentro-de-ullum\/","title":{"rendered":"M\u00e1s de 2000 personas disfrutaron la chaya en la Feria del Encuentro de Ullum"},"content":{"rendered":"\n<p>El s\u00e1bado se vivi\u00f3 una verdadera fiesta en la Plaza Seca de Ullum. Se trat\u00f3 de la s\u00e9ptima edici\u00f3n de la Feria del Encuentro de Ullum, pero con un condimento especial.<\/p>\n<p>Adem\u00e1s de la presencia de artesanos y emprendedores en la exposici\u00f3n; junto con el completo patio de comidas; en esta oportunidad se invit\u00f3 a los participantes a llevar sus elementos para divertirse con la tradicional chaya. Agua, espuma y harina fueron las t\u00e9cnicas usadas para mojar al otro en medio del baile con batucadas y comparsas.<br \/>La grilla se dividi\u00f3 en dos partes. En un primer momento con la consigna de pe\u00f1a tocaron Rody Oyola, Los Lucero de J\u00e1chal y Aventureros Folk. La 80\/90, banda de tributo a Gary y a Pelusa, puso a todos en el ambiente como antiguamente ocurr\u00eda en los bailes de carnaval.<\/p>\n<p>En ese momento hicieron su entrada la Batucada Samba Sol y la Comparsa Sentimiento Villero de Ullum, ganadores del \u00faltimo certamen. Con una explosi\u00f3n de papelitos de colores se desat\u00f3 la chaya para deleite de grandes y chicos.<\/p>\n<p>Op: Juan Llarena<\/p>\n","protected":false},"excerpt":{"rendered":"<p>El s\u00e1bado se vivi\u00f3 una verdadera fiesta en la Plaza Seca de Ullum. Se trat\u00f3 de la s\u00e9ptima edici\u00f3n de la Feria del Encuentro de Ullum, pero con un condimento especial.<\/p>\n<p>Adem\u00e1s de la presencia de artesanos y emprendedores en la exposici\u00f3n; junto con el completo patio de comidas; en esta oportunidad se invit\u00f3 a los participantes a llevar sus elementos para divertirse con la tradicional chaya. Agua, espuma y harina fueron las t\u00e9cnicas usadas para mojar al otro en medio del baile con batucadas y comparsas.<br \/>\nLa grilla se dividi\u00f3 en dos partes. En un primer momento con la consigna de pe\u00f1a tocaron Rody Oyola, Los Lucero de J\u00e1chal y Aventureros Folk. La 80\/90, banda de tributo a Gary y a Pelusa, puso a todos en el ambiente como antiguamente ocurr\u00eda en los bailes de carnaval.<\/p>\n<p>En ese momento hicieron su entrada la Batucada Samba Sol y la Comparsa Sentimiento Villero de Ullum, ganadores del \u00faltimo certamen. Con una explosi\u00f3n de papelitos de colores se desat\u00f3 la chaya para deleite de grandes y chic..<\/p>\n","protected":false},"author":2,"featured_media":17975,"comment_status":"","ping_status":"","sticky":false,"template":"","format":"standard","meta":{"footnotes":""},"categories":[5],"tags":[],"_links":{"self":[{"href":"https:\/\/maxradio923.com.ar\/index.php\/wp-json\/wp\/v2\/posts\/17974"}],"collection":[{"href":"https:\/\/maxradio923.com.ar\/index.php\/wp-json\/wp\/v2\/posts"}],"about":[{"href":"https:\/\/maxradio923.com.ar\/index.php\/wp-json\/wp\/v2\/types\/post"}],"author":[{"embeddable":true,"href":"https:\/\/maxradio923.com.ar\/index.php\/wp-json\/wp\/v2\/users\/2"}],"replies":[{"embeddable":true,"href":"https:\/\/maxradio923.com.ar\/index.php\/wp-json\/wp\/v2\/comments?post=17974"}],"version-history":[{"count":0,"href":"https:\/\/maxradio923.com.ar\/index.php\/wp-json\/wp\/v2\/posts\/17974\/revisions"}],"wp:featuredmedia":[{"embeddable":true,"href":"https:\/\/maxradio923.com.ar\/index.php\/wp-json\/wp\/v2\/media\/17975"}],"wp:attachment":[{"href":"https:\/\/maxradio923.com.ar\/index.php\/wp-json\/wp\/v2\/media?parent=17974"}],"wp:term":[{"taxonomy":"category","embeddable":true,"href":"https:\/\/maxradio923.com.ar\/index.php\/wp-json\/wp\/v2\/categories?post=17974"},{"taxonomy":"post_tag","embeddable":true,"href":"https:\/\/maxradio923.com.ar\/index.php\/wp-json\/wp\/v2\/tags?post=17974"}],"curies":[{"name":"wp","href":"https:\/\/api.w.org\/{rel}","templated":true}]}}