{"id":17946,"date":"2024-02-18T22:37:27","date_gmt":"2024-02-19T01:37:27","guid":{"rendered":"https:\/\/maxradio923.com.ar\/index.php\/2024\/02\/18\/preparativos-en-marcha-para-el-gran-outlet-en-capital-una-propuesta-comercial-y-gastronomica-exclusiva\/"},"modified":"2024-02-18T22:37:27","modified_gmt":"2024-02-19T01:37:27","slug":"preparativos-en-marcha-para-el-gran-outlet-en-capital-una-propuesta-comercial-y-gastronomica-exclusiva","status":"publish","type":"post","link":"https:\/\/maxradio923.com.ar\/index.php\/2024\/02\/18\/preparativos-en-marcha-para-el-gran-outlet-en-capital-una-propuesta-comercial-y-gastronomica-exclusiva\/","title":{"rendered":"Preparativos en Marcha para el \u00abGran Outlet\u00bb en Capital: Una Propuesta Comercial y Gastron\u00f3mica Exclusiva"},"content":{"rendered":"<p><img decoding=\"async\" src=\"https:\/\/diariod3.com\/wp-content\/uploads\/2024\/02\/comercio.jpg\"\/> <\/p>\n<p>Una nueva iniciativa est\u00e1 en marcha en San Juan, con el Ministerio de la Producci\u00f3n y las c\u00e1maras comerciales a la cabeza: el \u00abGran Outlet\u00bb de la Capital. Siguiendo el exitoso modelo reciente realizado en Rawson, esta propuesta promete una oferta comercial y gastron\u00f3mica exclusiva, con el objetivo de impulsar las ventas y generar un punto de encuentro atractivo para turistas y locales por igual.<\/p>\n<p>Marcelo Quiroga, presidente de la C\u00e1mara de Comerciantes Unidos de San Juan, ha destacado la importancia de definir el lugar para el evento, un aspecto clave que se discutir\u00e1 en las reuniones de esta semana con la directora de Industria y Comercio, Roc\u00edo Cardenas. La elecci\u00f3n del lugar se centrar\u00e1 en garantizar un espacio atractivo que pueda ser disfrutado por todos los visitantes, tanto turistas como residentes.<\/p>\n<p>La esencia del \u00abGran Outlet\u00bb reside en su perfil distintivo: ofrecer\u00e1 productos de grandes marcas a precios atractivos, siguiendo el modelo de outlets reconocidos internacionalmente, como los de Santiago de Chile o Miami. El objetivo no es competir con los comercios locales, sino ofrecer una oportunidad para adquirir productos de calidad a precios accesibles, especialmente aquellos que tienen poca rotaci\u00f3n o son de temporadas pasadas.<\/p>\n<p>La participaci\u00f3n en el outlet estar\u00e1 abierta a comercios con sede en Capital, quienes podr\u00e1n ofrecer una amplia gama de productos, desde aquellos que no tienen salida hasta art\u00edculos de temporadas anteriores, todos con descuentos importantes. Adem\u00e1s, se busca crear un ambiente de distensi\u00f3n y entretenimiento, con propuestas gastron\u00f3micas y espacios de recreaci\u00f3n, como patios de cerveza, para complementar la experiencia de compra.<\/p>\n<p>La propuesta se fundamenta en tres pilares: comercio, turismo y gastronom\u00eda, con el objetivo de aprovechar los recursos locales y promover los distintos lugares tur\u00edsticos y comerciales de la zona. La colaboraci\u00f3n entre el sector privado y el p\u00fablico es fundamental en este contexto de crisis, y la alianza entre la C\u00e1mara de Comerciantes Unidos, el Ministerio de la Producci\u00f3n y el Municipio de la Capital demuestra el compromiso compartido de impulsar la econom\u00eda local y brindar experiencias positivas a la comunidad.<\/p>\n<p>En un contexto donde la colaboraci\u00f3n es clave, esta iniciativa destaca como un ejemplo de c\u00f3mo el trabajo conjunto puede generar oportunidades y fortalecer el tejido comercial y tur\u00edstico de la regi\u00f3n.<\/p>\n<p>La entrada Preparativos en Marcha para el \u00abGran Outlet\u00bb en Capital: Una Propuesta Comercial y Gastron\u00f3mica Exclusiva se public\u00f3 primero en DIARIO D3 NOTICIAS | SAN JUAN ARGENTINA.<\/p>\n","protected":false},"excerpt":{"rendered":"<p>Una nueva iniciativa est\u00e1 en marcha en San Juan, con el Ministerio de la Producci\u00f3n y las c\u00e1maras comerciales a la cabeza: el \u00abGran Outlet\u00bb de la Capital. Siguiendo el exitoso modelo reciente realizado en Rawson, esta propuesta promete una oferta comercial y gastron\u00f3mica exclusiva, con el objetivo de impulsar las ventas y generar un punto de encuentro atractivo para turistas y locales por igual.<br \/>\n Marcelo Quiroga, presidente de la C\u00e1mara de Comerciantes Unidos de San Juan, ha destacado la importancia de definir el lugar para el evento, un aspecto clave que se discutir\u00e1 en las reuniones de esta semana con la directora de Industria y Comercio, Roc\u00edo Cardenas. La elecci\u00f3n del lugar se centrar\u00e1 en garantizar un espacio atractivo que pueda ser disfrutado por todos los visitantes, tanto turistas como residentes.<br \/>\n La esencia del \u00abGran Outlet\u00bb reside en su perfil distintivo: ofrecer\u00e1 productos de grandes marcas a precios atractivos, siguiendo el modelo de outlets reconocidos internacionalmente,..<\/p>\n","protected":false},"author":2,"featured_media":17947,"comment_status":"","ping_status":"","sticky":false,"template":"","format":"standard","meta":{"footnotes":""},"categories":[8],"tags":[],"_links":{"self":[{"href":"https:\/\/maxradio923.com.ar\/index.php\/wp-json\/wp\/v2\/posts\/17946"}],"collection":[{"href":"https:\/\/maxradio923.com.ar\/index.php\/wp-json\/wp\/v2\/posts"}],"about":[{"href":"https:\/\/maxradio923.com.ar\/index.php\/wp-json\/wp\/v2\/types\/post"}],"author":[{"embeddable":true,"href":"https:\/\/maxradio923.com.ar\/index.php\/wp-json\/wp\/v2\/users\/2"}],"replies":[{"embeddable":true,"href":"https:\/\/maxradio923.com.ar\/index.php\/wp-json\/wp\/v2\/comments?post=17946"}],"version-history":[{"count":0,"href":"https:\/\/maxradio923.com.ar\/index.php\/wp-json\/wp\/v2\/posts\/17946\/revisions"}],"wp:featuredmedia":[{"embeddable":true,"href":"https:\/\/maxradio923.com.ar\/index.php\/wp-json\/wp\/v2\/media\/17947"}],"wp:attachment":[{"href":"https:\/\/maxradio923.com.ar\/index.php\/wp-json\/wp\/v2\/media?parent=17946"}],"wp:term":[{"taxonomy":"category","embeddable":true,"href":"https:\/\/maxradio923.com.ar\/index.php\/wp-json\/wp\/v2\/categories?post=17946"},{"taxonomy":"post_tag","embeddable":true,"href":"https:\/\/maxradio923.com.ar\/index.php\/wp-json\/wp\/v2\/tags?post=17946"}],"curies":[{"name":"wp","href":"https:\/\/api.w.org\/{rel}","templated":true}]}}