{"id":17944,"date":"2024-02-18T22:37:20","date_gmt":"2024-02-19T01:37:20","guid":{"rendered":"https:\/\/maxradio923.com.ar\/index.php\/2024\/02\/18\/causa-vialidad-comienzan-las-audiencias-de-apelacion-en-la-camara-de-casacion\/"},"modified":"2024-02-18T22:37:20","modified_gmt":"2024-02-19T01:37:20","slug":"causa-vialidad-comienzan-las-audiencias-de-apelacion-en-la-camara-de-casacion","status":"publish","type":"post","link":"https:\/\/maxradio923.com.ar\/index.php\/2024\/02\/18\/causa-vialidad-comienzan-las-audiencias-de-apelacion-en-la-camara-de-casacion\/","title":{"rendered":"Causa Vialidad: comienzan las audiencias de apelaci\u00f3n en la C\u00e1mara de Casaci\u00f3n"},"content":{"rendered":"<p><img decoding=\"async\" src=\"https:\/\/diariod3.com\/wp-content\/uploads\/2024\/02\/cristina-kirchner-rafael-correa.webp\"\/><br \/>\nEl tribunal federal revisar\u00e1 el fallo del TOF2 y confirmar\u00e1 o revocar\u00e1 las condenas a Cristina Fern\u00e1ndez de Kirchner y al resto de los involucrados en la causa por \u00abadministraci\u00f3n fraudulenta\u00bb.<\/p>\n<figure><img decoding=\"async\" src=\"https:\/\/media.ambito.com\/p\/2a6e140603f3b4aa1e1c161552f9869c\/adjuntos\/239\/imagenes\/041\/065\/0041065809\/cristina-kirchner-rafael-correa.jpg\" alt=\"La C\u00e1mara de Casaci\u00f3n definir\u00e1 si ratifica o revoca la condena a Cristina Kirchner\"\/><figcaption>\n<p>La C\u00e1mara de Casaci\u00f3n definir\u00e1 si ratifica o revoca la condena a Cristina Kirchner<\/p>\n<p>Captura RT<\/p>\n<\/figcaption><\/figure>\n<p>Este lunes la <strong>C\u00e1mara Federal de Casaci\u00f3n Penal <\/strong>iniciar\u00e1 las audiencias de apelaci\u00f3n por la <strong>causa de vialidad<\/strong>, previo a definir si <strong>confirmar\u00e1 o revocar\u00e1 las condenas a la expresidenta Cristina Fern\u00e1ndez de Kirchner y<\/strong> a los dem\u00e1s acusados por presuntos delitos con la <strong>obra p\u00fablica<\/strong> en Santa Cruz.<\/p>\n<p>A partir de ma\u00f1ana, el tribunal escuchar\u00e1 los cuestionamientos de todas las partes, tras el fallo del <strong>Tribunal Oral Federal 2<\/strong> -que a\u00fan no est\u00e1 firme- que<strong> conden\u00f3 a la exmandataria a seis a\u00f1os de prisi\u00f3n <\/strong>por \u00abadministraci\u00f3n fraudulenta agravada por haber sido cometida en perjuicio de una administraci\u00f3n p\u00fablica\u00bb pero la absolvi\u00f3 del delito de <strong>asociaci\u00f3n il\u00edcita<\/strong>. Hay audiencias programadas hasta mediados de abril.<\/p>\n<h2>Empiezan las audiencias en Casaci\u00f3n: qui\u00e9nes ser\u00e1n los primeros expositores<\/h2>\n<p>La primera exposici\u00f3n ser\u00e1 del fiscal <strong>Mario Villar<\/strong>, quien apel\u00f3 el veredicto de su colega <strong>Diego Luciani ante el TOF2 <\/strong>y reclam\u00f3 revocar las absoluciones y agregar la<strong> condena por asociaci\u00f3n il\u00edcita.<\/strong><\/p>\n<p>Luciani hab\u00eda pedido 12 a\u00f1os de c\u00e1rcel para la <strong>expresidenta en el juicio oral<\/strong>, un reclamo que mantuvo en su apelaci\u00f3n al veredicto y que ahora se prev\u00e9 sostendr\u00e1 Villar ante los<strong> jueces de Casaci\u00f3n Mariano Borinsky, Gustavo Hornos y Diego Barroetave\u00f1a.<\/strong><\/p>\n<p>Por su parte, la defensa de <strong>Cristina Kirchner reclamar\u00e1 que se revoque la condena a seis a\u00f1os de prisi\u00f3n <\/strong>por administraci\u00f3n fraudulenta y que resulte absuelta, ya que se\u00f1alan que no hay pruebas directas y apuntaron que los<strong> jueces fallaron de manera \u00abarbitraria\u00bb.<\/strong><\/p>\n<h2>Qu\u00e9 condena recibieron Cristina Kirchner y el resto de los acusados<\/h2>\n<p>El 6 de diciembre de 2022 el <strong>TOF 2 dio a conocer la primera condena a la expresidenta<\/strong>, cuyos fundamentos se difundieron al a\u00f1o siguiente, y se abri\u00f3 as\u00ed el per\u00edodo para las apelaciones, presentadas por la fiscal\u00eda y las defensas.<\/p>\n<p>Los jueces Jorge Gorini y Rodrigo Gim\u00e9nez Uriburu absolvieron a la ex senadora nacional, al empresario L\u00e1zaro B\u00e1ez y otros imputados por el delito de asociaci\u00f3n il\u00edcita, mientras que el tercer magistrado, Andr\u00e9s Basso vot\u00f3 por condenar.<\/p>\n<p>Los tres jueces <strong>coincidieron en que hubo delito de administraci\u00f3n fraudulenta en la adjudicaci\u00f3n a empresas de B\u00e1ez,<\/strong> entre ellas <strong>\u00abAustral Construcciones\u00bb<\/strong>, de 51 obras p\u00fablicas viales en Santa Cruz entre 2003 y 2015, y constituy\u00f3 \u00abun hecho de <strong>corrupci\u00f3n estatal\u00bb que deriv\u00f3 en un \u00abperjuicio descomunal\u00bb<\/strong> a las arcas p\u00fablicas.<\/p>\n<p>Seg\u00fan consideraron los magistrados, estos delitos se cometieron con un \u00abfin econ\u00f3mico\u00bb en \u00abbeneficio del empresario y sus socios comerciales\u00bb. <strong>Este veredicto ahora ser\u00e1 revisado por Casaci\u00f3n <\/strong>y una vez terminadas las audiencias tendr\u00e1 un plazo de 20 d\u00edas h\u00e1biles para resolver, aunque este t\u00e9rmino podr\u00eda extenderse.<\/p>\n<p>Los condenados son <strong>Cristina Fern\u00e1ndez de Kirchner, L\u00e1zaro B\u00e1ez, el exsecretario de Obras P\u00fablicas en el kirchnerismo Jos\u00e9 L\u00f3pez y el exdirector de Vialidad Nacional Nelson Periotti. <\/strong>Tambi\u00e9n los ex funcionarios de Vialidad Mauricio Collareda, Juan Carlos Villafa\u00f1e, Ra\u00fal Osvaldo Daruich, Ra\u00fal Gilberto Pavesi y Jos\u00e9 Ra\u00fal Santib\u00e1\u00f1ez.<\/p>\n<p>Todos recibieron penas de entre <strong>3 y 6 a\u00f1os de prisi\u00f3n por delitos cometidos con la obra p\u00fablica nacional en Santa Cruz <\/strong>entre 2003 y 2015. Al igual que la expresidenta fueron <strong>condenados a seis a\u00f1os de prisi\u00f3n B\u00e1ez <\/strong>como part\u00edcipe necesario de la defraudaci\u00f3n, Periotti y L\u00f3pez.<\/p>\n<p>La entrada <a href=\"https:\/\/diariod3.com\/causa-vialidad-comienzan-las-audiencias-de-apelacion-en-la-camara-de-casacion\/\" rel=\"noreferrer noopener\" target=\"_blank\">Causa Vialidad: comienzan las audiencias de apelaci\u00f3n en la C\u00e1mara de Casaci\u00f3n<\/a> se public\u00f3 primero en <a href=\"https:\/\/diariod3.com\/\" rel=\"noreferrer noopener\" target=\"_blank\">DIARIO D3 NOTICIAS | SAN JUAN ARGENTINA<\/a>.<\/p>\n","protected":false},"excerpt":{"rendered":"<p>El tribunal federal revisar\u00e1 el fallo del TOF2 y confirmar\u00e1 o revocar\u00e1 las condenas a Cristina Fern\u00e1ndez de Kirchner y al resto de los involucrados en la causa por \u00abadministraci\u00f3n fraudulenta\u00bb.<\/p>\n<p>La C\u00e1mara de Casaci\u00f3n definir\u00e1 si ratifica o revoca la condena a Cristina Kirchner<\/p>\n<p>Captura RT<\/p>\n<p>Este lunes la C\u00e1mara Federal de Casaci\u00f3n Penal iniciar\u00e1 las audiencias de apelaci\u00f3n por la causa de vialidad, previo a definir si confirmar\u00e1 o revocar\u00e1 las condenas a la expresidenta Cristina Fern\u00e1ndez de Kirchner y a los dem\u00e1s acusados por presuntos delitos con la obra p\u00fablica en Santa Cruz.<\/p>\n<p>A partir de ma\u00f1ana, el tribunal escuchar\u00e1 los cuestionamientos de todas las partes, tras el fallo del Tribunal Oral Federal 2 -que a\u00fan no est\u00e1 firme- que conden\u00f3 a la exmandataria a seis a\u00f1os de prisi\u00f3n por \u00abadministraci\u00f3n fraudulenta agravada por haber sido cometida en perjuicio de una administraci\u00f3n p\u00fablica\u00bb pero la absolvi\u00f3 del delito de asociaci\u00f3n il\u00edcita. Hay audiencias programadas hasta mediados de abril&#8230;<\/p>\n","protected":false},"author":2,"featured_media":17945,"comment_status":"","ping_status":"","sticky":false,"template":"","format":"standard","meta":{"footnotes":""},"categories":[12],"tags":[],"_links":{"self":[{"href":"https:\/\/maxradio923.com.ar\/index.php\/wp-json\/wp\/v2\/posts\/17944"}],"collection":[{"href":"https:\/\/maxradio923.com.ar\/index.php\/wp-json\/wp\/v2\/posts"}],"about":[{"href":"https:\/\/maxradio923.com.ar\/index.php\/wp-json\/wp\/v2\/types\/post"}],"author":[{"embeddable":true,"href":"https:\/\/maxradio923.com.ar\/index.php\/wp-json\/wp\/v2\/users\/2"}],"replies":[{"embeddable":true,"href":"https:\/\/maxradio923.com.ar\/index.php\/wp-json\/wp\/v2\/comments?post=17944"}],"version-history":[{"count":0,"href":"https:\/\/maxradio923.com.ar\/index.php\/wp-json\/wp\/v2\/posts\/17944\/revisions"}],"wp:featuredmedia":[{"embeddable":true,"href":"https:\/\/maxradio923.com.ar\/index.php\/wp-json\/wp\/v2\/media\/17945"}],"wp:attachment":[{"href":"https:\/\/maxradio923.com.ar\/index.php\/wp-json\/wp\/v2\/media?parent=17944"}],"wp:term":[{"taxonomy":"category","embeddable":true,"href":"https:\/\/maxradio923.com.ar\/index.php\/wp-json\/wp\/v2\/categories?post=17944"},{"taxonomy":"post_tag","embeddable":true,"href":"https:\/\/maxradio923.com.ar\/index.php\/wp-json\/wp\/v2\/tags?post=17944"}],"curies":[{"name":"wp","href":"https:\/\/api.w.org\/{rel}","templated":true}]}}