{"id":17942,"date":"2024-02-18T22:37:20","date_gmt":"2024-02-19T01:37:20","guid":{"rendered":"https:\/\/maxradio923.com.ar\/index.php\/2024\/02\/18\/ahora-la-cgt-duda-de-avanzar-con-un-segundo-paro-general-contra-milei\/"},"modified":"2024-02-18T22:37:20","modified_gmt":"2024-02-19T01:37:20","slug":"ahora-la-cgt-duda-de-avanzar-con-un-segundo-paro-general-contra-milei","status":"publish","type":"post","link":"https:\/\/maxradio923.com.ar\/index.php\/2024\/02\/18\/ahora-la-cgt-duda-de-avanzar-con-un-segundo-paro-general-contra-milei\/","title":{"rendered":"Ahora la CGT duda de avanzar con un segundo paro general contra Milei"},"content":{"rendered":"<p><img decoding=\"async\" src=\"https:\/\/diariod3.com\/wp-content\/uploads\/2024\/02\/CGT.webp\"\/><\/p>\n<p>La conducci\u00f3n de la central obrera se reunir\u00e1 esta semana para unificar criterios y resolver c\u00f3mo van a confrontar las medidas del Gobierno.<\/p>\n<figure>\n<figure><img decoding=\"async\" src=\"https:\/\/www.diariodecuyo.com.ar\/__export\/1708289710286\/sites\/diariodecuyo\/img\/2024\/02\/18\/a.png_1536916664.png\" alt=\"Ahora la CGT duda de avanzar con un segundo paro general contra Milei -\"\/><\/figure>\n<\/figure>\n<p>\u201c\u00bfSi a 45 d\u00edas hac\u00e9s un paro general, a los 90 d\u00edas qu\u00e9 hac\u00e9s, un bombardeo?\u201d. La pregunta se la hizo el mes pasado uno de los tres dirigentes m\u00e1s importantes de Uni\u00f3n por la Patria a la c\u00fapula de la CGT. Fue en un asado reservado que compartieron despu\u00e9s de la medida de fuerza del 24 de enero y tradujo las cr\u00edticas que gener\u00f3 la prematura utilizaci\u00f3n de la ultima ratio que tienen los gremios para confrontar con un gobierno. A menos de un mes de esa huelga y del costo pol\u00edtico que tuvo que pagar la central obrera, los gremialistas analizan otra estrategia de lucha ante el agravamiento de la crisis y las \u00faltimas medidas impulsadas por Javier Milei.<\/p>\n<p>En el mundo sindical asumen que la relaci\u00f3n con el Poder Ejecutivo est\u00e1 quebrada y no tiene retorno. En esa l\u00f3gica entienden el fracaso del Consejo del Salario M\u00ednimo, la imposici\u00f3n de cambios unilaterales en la legislaci\u00f3n laboral, y tambi\u00e9n la decisi\u00f3n de avanzar sobre las obras sociales con una pol\u00edtica de desregulaci\u00f3n y libre competencia que si bien puede tener beneficios para los trabajadores registrados, los sindicatos lo asimilan como una ofensiva en contra de sus intereses.<\/p>\n<p>Hay varias ideas, m\u00e1s all\u00e1 de que un sector combativo est\u00e1 dispuesto a lanzar a como d\u00e9 lugar un segundo paro nacional. Una alternativa generaba por estas horas m\u00e1s consenso y, de hecho, no exclu\u00eda a la m\u00e1s extrema. \u201cGuerra de guerrillas\u201d, la bautiz\u00f3 en di\u00e1logo con Infobae uno de los sindicalistas que conoce bien la superficie y tambi\u00e9n los subsuelos que conectan a los gremios con la pol\u00edtica.<\/p>\n<p>\u00bfQu\u00e9 significa? Entre otras cosas respaldar medidas de fuerza decididas por sectores y actividades que est\u00e1n afectados por sus propias demandas irresueltas, principalmente aumentos salariales. Son cap\u00edtulos de una misma secuencia derivada de una econom\u00eda en crisis, que soporta las consecuencias del draconiano ajuste fiscal y del plan de estabilizaci\u00f3n que aplic\u00f3 Milei apenas asumi\u00f3 el Gobierno para encarrilar una econom\u00eda que acumulaba desequilibrios, regulaciones e inconsistencias. En el horizonte asoma el paro de trenes que anunci\u00f3 La Fraternidad para el pr\u00f3ximo mi\u00e9rcoles -que seguro tendr\u00e1 una conciliaci\u00f3n obligatoria-, otro en ciernes de los colectivos en el AMBA que podr\u00eda anunciar la UTA, protestas por la par\u00e1lisis de la construcci\u00f3n, y el inminente y casi inevitable conflicto docente.<\/p>\n<p>Los paros sectoriales y las protestas callejeras son una parte de esa estrategia general de desgaste, que incluye tambi\u00e9n gestiones ante la pol\u00edtica para lograr que en el Congreso se rechace el DNU que Milei firm\u00f3 para desregular la econom\u00eda. Y tambi\u00e9n, la profundizaci\u00f3n de la batalla judicial contra las \u00faltimas medidas, que para ellos afectan derechos de los trabajadores y para el Gobierno derrumba negocios y privilegios. Una batalla en todos los frentes.<\/p>\n<p>La conducci\u00f3n cegetista definir\u00e1 entre ma\u00f1ana y el martes la convocatoria a una reuni\u00f3n de mesa chica, donde se juntan los pesos pesados del mundo sindical cuando hay que definir l\u00edneas de acci\u00f3n. All\u00ed tienen sillas los secretarios generales de la CGT H\u00e9ctor Daer (Sanidad), Pablo Moyano (Camioneros), Carlos Acu\u00f1a (Estaciones de Servicios), pero tambi\u00e9n Gerardo Mart\u00ednez (UOCRA), Andr\u00e9s Rodr\u00edguez (UPCN), Jos\u00e9 Luis Lingeri (Obra Sanitarias), Mario \u201cPaco\u201d Manrique (SMATA), entre otros.<\/p>\n<p>Al tope de la agenda est\u00e1n los salarios y la se\u00f1al que la semana pasada dio el gobierno nacional, mediante el secretario de Trabajo, Omar Yas\u00edn, en el Consejo del Salario M\u00ednimo Vital y M\u00f3vil. All\u00ed se aplic\u00f3 una l\u00f3gica que no reconoce antecedentes y que puso a los sindicalistas en alerta. El sector empresario advirti\u00f3 que no est\u00e1 en condiciones de ofrecer aumentos, debido a que la econom\u00eda enfrenta un per\u00edodo fuertemente recesivo, con una severa contracci\u00f3n de la actividad. En esa mesa tripartita, los gremios fueron con un pedido de aumento por encima del 80%.<\/p>\n<p>M\u00e1s all\u00e1 de que el Salario M\u00ednimo Vital y M\u00f3vil tiene aplicaci\u00f3n limitada, los funcionarios no quisieron convalidar un porcentaje que despu\u00e9s derrame en otras negociaciones. Yas\u00edn labr\u00f3 un acta donde dej\u00f3 sentada la falta de acuerdo entre las partes y evit\u00f3, por ahora, tomar la decisi\u00f3n que establece la legislaci\u00f3n: laudar, poner un n\u00famero. No se trat\u00f3 de una decisi\u00f3n unilateral. Fue la traducci\u00f3n administrativa de una decisi\u00f3n pol\u00edtica del presidente de la Naci\u00f3n.<\/p>\n<p>\u201cEso de estar fijando precios m\u00ednimos no nos gusta. Esa es una cuesti\u00f3n que tiene que ser abordada por los trabajadores con sus empleadores. No creo en que un pol\u00edtico pueda determinar un decreto a mano (\u2026) \u00bfYo voy a emitir un decreto fijando un precio?\u201d, dijo Milei en una entrevista radial, donde repiti\u00f3 el mismo argumento para sacar al gobierno nacional de la paritaria docente.<\/p>\n<p>Por eso, en la CGT hablan de un clima de protesta y movilizaci\u00f3n aqu\u00ed y all\u00e1. Y eventualmente de repetir la movilizaci\u00f3n que el 27 de diciembre hicieron al Palacio de Tribunales y que consideran que fue gravitante para que la Justicia les diera la raz\u00f3n y deje sin efecto la reforma laboral que incluy\u00f3 Milei en el DNU que, de todos modos, sigue vigente. Son algunas de las ideas que analizan los sindicalistas para enfrentar al Gobierno.<\/p>\n<p>La entrada <a href=\"https:\/\/diariod3.com\/ahora-la-cgt-duda-de-avanzar-con-un-segundo-paro-general-contra-milei\/\" rel=\"noreferrer noopener\" target=\"_blank\">Ahora la CGT duda de avanzar con un segundo paro general contra Milei<\/a> se public\u00f3 primero en <a href=\"https:\/\/diariod3.com\/\" rel=\"noreferrer noopener\" target=\"_blank\">DIARIO D3 NOTICIAS | SAN JUAN ARGENTINA<\/a>.<\/p>\n","protected":false},"excerpt":{"rendered":"<p>La conducci\u00f3n de la central obrera se reunir\u00e1 esta semana para unificar criterios y resolver c\u00f3mo van a confrontar las medidas del Gobierno.<\/p>\n<p>\u201c\u00bfSi a 45 d\u00edas hac\u00e9s un paro general, a los 90 d\u00edas qu\u00e9 hac\u00e9s, un bombardeo?\u201d. La pregunta se la hizo el mes pasado uno de los tres dirigentes m\u00e1s importantes de Uni\u00f3n por la Patria a la c\u00fapula de la CGT. Fue en un asado reservado que compartieron despu\u00e9s de la medida de fuerza del 24 de enero y tradujo las cr\u00edticas que gener\u00f3 la prematura utilizaci\u00f3n de la ultima ratio que tienen los gremios para confrontar con un gobierno. A menos de un mes de esa huelga y del costo pol\u00edtico que tuvo que pagar la central obrera, los gremialistas analizan otra estrategia de lucha ante el agravamiento de la crisis y las \u00faltimas medidas impulsadas por Javier Milei.<\/p>\n<p>En el mundo sindical asumen que la relaci\u00f3n con el Poder Ejecutivo est\u00e1 quebrada y no tiene retorno. En esa l\u00f3gica entienden el fracaso del Consejo del Salario M\u00ednimo, la imposici\u00f3n de cambios unilater..<\/p>\n","protected":false},"author":2,"featured_media":17943,"comment_status":"","ping_status":"","sticky":false,"template":"","format":"standard","meta":{"footnotes":""},"categories":[12],"tags":[],"_links":{"self":[{"href":"https:\/\/maxradio923.com.ar\/index.php\/wp-json\/wp\/v2\/posts\/17942"}],"collection":[{"href":"https:\/\/maxradio923.com.ar\/index.php\/wp-json\/wp\/v2\/posts"}],"about":[{"href":"https:\/\/maxradio923.com.ar\/index.php\/wp-json\/wp\/v2\/types\/post"}],"author":[{"embeddable":true,"href":"https:\/\/maxradio923.com.ar\/index.php\/wp-json\/wp\/v2\/users\/2"}],"replies":[{"embeddable":true,"href":"https:\/\/maxradio923.com.ar\/index.php\/wp-json\/wp\/v2\/comments?post=17942"}],"version-history":[{"count":0,"href":"https:\/\/maxradio923.com.ar\/index.php\/wp-json\/wp\/v2\/posts\/17942\/revisions"}],"wp:featuredmedia":[{"embeddable":true,"href":"https:\/\/maxradio923.com.ar\/index.php\/wp-json\/wp\/v2\/media\/17943"}],"wp:attachment":[{"href":"https:\/\/maxradio923.com.ar\/index.php\/wp-json\/wp\/v2\/media?parent=17942"}],"wp:term":[{"taxonomy":"category","embeddable":true,"href":"https:\/\/maxradio923.com.ar\/index.php\/wp-json\/wp\/v2\/categories?post=17942"},{"taxonomy":"post_tag","embeddable":true,"href":"https:\/\/maxradio923.com.ar\/index.php\/wp-json\/wp\/v2\/tags?post=17942"}],"curies":[{"name":"wp","href":"https:\/\/api.w.org\/{rel}","templated":true}]}}