{"id":17938,"date":"2024-02-18T22:37:00","date_gmt":"2024-02-19T01:37:00","guid":{"rendered":"https:\/\/maxradio923.com.ar\/index.php\/2024\/02\/18\/rawson-carlos-munisaga-participo-en-la-inauguracion-de-una-reconocida-heladeria\/"},"modified":"2024-02-18T22:37:00","modified_gmt":"2024-02-19T01:37:00","slug":"rawson-carlos-munisaga-participo-en-la-inauguracion-de-una-reconocida-heladeria","status":"publish","type":"post","link":"https:\/\/maxradio923.com.ar\/index.php\/2024\/02\/18\/rawson-carlos-munisaga-participo-en-la-inauguracion-de-una-reconocida-heladeria\/","title":{"rendered":"Rawson: Carlos Munisaga particip\u00f3 en la inauguraci\u00f3n de una reconocida helader\u00eda"},"content":{"rendered":"\n<p>Se trata de la primera franquicia de \u00abSei Tu helados\u00bb de la provincia. La gesti\u00f3n municipal sigue generando pol\u00edticas estrat\u00e9gicas y mecanismos de colaboraci\u00f3n entre los actores del sector comercial, con el objetivo de expandir y fortalecer el comercio de bienes y servicios en el departamento.<\/p>\n<p>El intendente de la Ciudad de Rawson, Carlos Munisaga particip\u00f3 este s\u00e1bado de la inauguraci\u00f3n de un nuevo local de la cadena de helados \u00abSei Tu\u00bb, en calle Boulevard Sarmiento e Ingeniero Krause, frente a la plaza Centenario.<\/p>\n<p>Acompa\u00f1aron adem\u00e1s, el gerente general de Sei Tu, Samuel Romero; el propietario de la franquicia, Dar\u00edo Amaya; presidente del Centro Comercial de Rawson, Marcelo Vargas; concejales, funcionarios de la Municipalidad de Rawson, vecinos y p\u00fablico en general.<\/p>\n<p>Amaya, se mostr\u00f3 \u00abmuy contento de inaugurar la primera Sei Tu en San Juan, es una apuesta muy grande\u00bb.<\/p>\n<p>Adem\u00e1s felicit\u00f3 al intendente Munisaga por el trabajo realizado en pos de fortalecer el comercio local y augur\u00f3 un buen futuro para la gesti\u00f3n y para el departamento.<\/p>\n<p>Romero, a cargo de la gerencia general de la empresa a nivel nacional, sum\u00f3 que \u00absomos una empresa familiar que produce helados de muy alta calidad y a un buen precio\u00bb.<\/p>\n<p>A su vez, Vargas, del Centro Comercial de Rawson, dijo que \u00abesto es lo que estamos estimulando en conjunto con el Municipio, que los empresarios vengan a Rawson a invertir, que ponga un negocio y generen empleo genuino\u00bb.<\/p>\n<p>Para finalizar, el intendente Carlos Munisaga se\u00f1al\u00f3 que \u00abes una satisfacci\u00f3n enorme poder encontrarme hoy y darle a nuestro departamento esta posibilidad de que haya un nuevo emprendimiento, y eso gracias a vos Dar\u00edo, a tu familia, que apuestan, que invierten, que saben que hay que ir hacia adelante para construir, y nosotros, como gobierno municipal, apoyando a quien se anime, quien tenta esa posibilidad, en tiempos tan dif\u00edciles, heroica de invertir y dar trabajo a los rawsinos\u00bb.<\/p>\n<p>Seguidamente puso en valor el trabajo estrat\u00e9gico que se viene realizado con este sector con el fin de potenciar la oferta comercial destinada a todos los sanjuaninos.<\/p>\n<p>\u00abTrabajo en conjunto entre el gobierno y el sector privado para potenciar todas las posibilidades, generar oportunidades, crecimiento y desarrollo\u00bb, cerr\u00f3.<\/p>\n","protected":false},"excerpt":{"rendered":"<p>Se trata de la primera franquicia de \u00abSei Tu helados\u00bb de la provincia. La gesti\u00f3n municipal sigue generando pol\u00edticas estrat\u00e9gicas y mecanismos de colaboraci\u00f3n entre los actores del sector comercial, con el objetivo de expandir y fortalecer el comercio de bienes y servicios en el departamento.<br \/>\n El intendente de la Ciudad de Rawson, Carlos Munisaga particip\u00f3 este s\u00e1bado de la inauguraci\u00f3n de un nuevo local de la cadena de helados \u00abSei Tu\u00bb, en calle Boulevard Sarmiento e Ingeniero Krause, frente a la plaza Centenario.<br \/>\n Acompa\u00f1aron adem\u00e1s, el gerente general de Sei Tu, Samuel Romero; el propietario de la franquicia, Dar\u00edo Amaya; presidente del Centro Comercial de Rawson, Marcelo Vargas; concejales, funcionarios de la Municipalidad de Rawson, vecinos y p\u00fablico en general.<br \/>\n Amaya, se mostr\u00f3 \u00abmuy contento de inaugurar la primera Sei Tu en San Juan, es una apuesta muy grande\u00bb.<br \/>\n Adem\u00e1s felicit\u00f3 al intendente Munisaga por el trabajo realizado en pos de fortalecer el comercio local y augur\u00f3 un b..<\/p>\n","protected":false},"author":2,"featured_media":17939,"comment_status":"","ping_status":"","sticky":false,"template":"","format":"standard","meta":{"footnotes":""},"categories":[5],"tags":[],"_links":{"self":[{"href":"https:\/\/maxradio923.com.ar\/index.php\/wp-json\/wp\/v2\/posts\/17938"}],"collection":[{"href":"https:\/\/maxradio923.com.ar\/index.php\/wp-json\/wp\/v2\/posts"}],"about":[{"href":"https:\/\/maxradio923.com.ar\/index.php\/wp-json\/wp\/v2\/types\/post"}],"author":[{"embeddable":true,"href":"https:\/\/maxradio923.com.ar\/index.php\/wp-json\/wp\/v2\/users\/2"}],"replies":[{"embeddable":true,"href":"https:\/\/maxradio923.com.ar\/index.php\/wp-json\/wp\/v2\/comments?post=17938"}],"version-history":[{"count":0,"href":"https:\/\/maxradio923.com.ar\/index.php\/wp-json\/wp\/v2\/posts\/17938\/revisions"}],"wp:featuredmedia":[{"embeddable":true,"href":"https:\/\/maxradio923.com.ar\/index.php\/wp-json\/wp\/v2\/media\/17939"}],"wp:attachment":[{"href":"https:\/\/maxradio923.com.ar\/index.php\/wp-json\/wp\/v2\/media?parent=17938"}],"wp:term":[{"taxonomy":"category","embeddable":true,"href":"https:\/\/maxradio923.com.ar\/index.php\/wp-json\/wp\/v2\/categories?post=17938"},{"taxonomy":"post_tag","embeddable":true,"href":"https:\/\/maxradio923.com.ar\/index.php\/wp-json\/wp\/v2\/tags?post=17938"}],"curies":[{"name":"wp","href":"https:\/\/api.w.org\/{rel}","templated":true}]}}