{"id":17936,"date":"2024-02-18T22:36:54","date_gmt":"2024-02-19T01:36:54","guid":{"rendered":"https:\/\/maxradio923.com.ar\/index.php\/2024\/02\/18\/empieza-el-juicio-contra-un-policia-de-la-ciudad-que-mato-a-un-joven-barbero-en-una-fiesta\/"},"modified":"2024-02-18T22:36:54","modified_gmt":"2024-02-19T01:36:54","slug":"empieza-el-juicio-contra-un-policia-de-la-ciudad-que-mato-a-un-joven-barbero-en-una-fiesta","status":"publish","type":"post","link":"https:\/\/maxradio923.com.ar\/index.php\/2024\/02\/18\/empieza-el-juicio-contra-un-policia-de-la-ciudad-que-mato-a-un-joven-barbero-en-una-fiesta\/","title":{"rendered":"Empieza el juicio contra un polic\u00eda de la Ciudad que mat\u00f3 a un joven barbero en una fiesta"},"content":{"rendered":"<p><img decoding=\"async\" alt=\"El \u00faltimo posteo p\u00fablico en Facebook de Yahir Ariel Ayala (21), asesinado en una fiesta en una casa de Esteban Echeverr\u00eda.\" src=\"https:\/\/www.clarin.com\/img\/2021\/08\/31\/Vjd7gLiCN_720x0__1.jpg\"\/>El \u00faltimo posteo p\u00fablico en Facebook de Yahir Ariel Ayala (21), asesinado en una fiesta en una casa de Esteban Echeverr\u00eda.<\/p>\n","protected":false},"excerpt":{"rendered":"<p>El \u00faltimo posteo p\u00fablico en Facebook de Yahir Ariel Ayala (21), asesinado en una fiesta en una casa de Esteban Echeverr\u00eda.<\/p>\n","protected":false},"author":2,"featured_media":17937,"comment_status":"","ping_status":"","sticky":false,"template":"","format":"standard","meta":{"footnotes":""},"categories":[6],"tags":[],"_links":{"self":[{"href":"https:\/\/maxradio923.com.ar\/index.php\/wp-json\/wp\/v2\/posts\/17936"}],"collection":[{"href":"https:\/\/maxradio923.com.ar\/index.php\/wp-json\/wp\/v2\/posts"}],"about":[{"href":"https:\/\/maxradio923.com.ar\/index.php\/wp-json\/wp\/v2\/types\/post"}],"author":[{"embeddable":true,"href":"https:\/\/maxradio923.com.ar\/index.php\/wp-json\/wp\/v2\/users\/2"}],"replies":[{"embeddable":true,"href":"https:\/\/maxradio923.com.ar\/index.php\/wp-json\/wp\/v2\/comments?post=17936"}],"version-history":[{"count":0,"href":"https:\/\/maxradio923.com.ar\/index.php\/wp-json\/wp\/v2\/posts\/17936\/revisions"}],"wp:featuredmedia":[{"embeddable":true,"href":"https:\/\/maxradio923.com.ar\/index.php\/wp-json\/wp\/v2\/media\/17937"}],"wp:attachment":[{"href":"https:\/\/maxradio923.com.ar\/index.php\/wp-json\/wp\/v2\/media?parent=17936"}],"wp:term":[{"taxonomy":"category","embeddable":true,"href":"https:\/\/maxradio923.com.ar\/index.php\/wp-json\/wp\/v2\/categories?post=17936"},{"taxonomy":"post_tag","embeddable":true,"href":"https:\/\/maxradio923.com.ar\/index.php\/wp-json\/wp\/v2\/tags?post=17936"}],"curies":[{"name":"wp","href":"https:\/\/api.w.org\/{rel}","templated":true}]}}