{"id":17926,"date":"2024-02-18T22:36:12","date_gmt":"2024-02-19T01:36:12","guid":{"rendered":"https:\/\/maxradio923.com.ar\/index.php\/2024\/02\/18\/por-que-las-elecciones-regionales-en-galicia-tienen-peso-a-nivel-nacional\/"},"modified":"2024-02-18T22:36:12","modified_gmt":"2024-02-19T01:36:12","slug":"por-que-las-elecciones-regionales-en-galicia-tienen-peso-a-nivel-nacional","status":"publish","type":"post","link":"https:\/\/maxradio923.com.ar\/index.php\/2024\/02\/18\/por-que-las-elecciones-regionales-en-galicia-tienen-peso-a-nivel-nacional\/","title":{"rendered":"Por qu\u00e9 las elecciones regionales en Galicia tienen peso a nivel nacional"},"content":{"rendered":"<p><img decoding=\"async\" alt=\"Durante la campa\u00f1a electoral en Galicia, el secretario general del PSOE y presidente del gobierno, Pedro S\u00e1nchez, particip\u00f3 en cuatro actos. Cr\u00e9dito: EFE\/Kiko Huesca\" src=\"https:\/\/www.clarin.com\/img\/2023\/11\/26\/6OZ-oNuyD_720x0__1.jpg\"\/>Durante la campa\u00f1a electoral en Galicia, el secretario general del PSOE y presidente del gobierno, Pedro S\u00e1nchez, particip\u00f3 en cuatro actos. Cr\u00e9dito: EFE\/Kiko Huesca<img decoding=\"async\" alt=\"La candidata del BNG a la presidencia de la Xunta de Galicia, Ana Pont\u00f3n, consigui\u00f3 seis diputados m\u00e1s en el Parlamento gallego. Cr\u00e9dito: EFE\/ Cabalar\" src=\"https:\/\/www.clarin.com\/img\/2024\/02\/18\/TsNdF6H44_720x0__1.jpg\"\/>La candidata del BNG a la presidencia de la Xunta de Galicia, Ana Pont\u00f3n, consigui\u00f3 seis diputados m\u00e1s en el Parlamento gallego. Cr\u00e9dito: EFE\/ Cabalar<img decoding=\"async\" alt=\"Sumar, el partido de la ministra de Trabajo, Yolanda D\u00edaz, no logr\u00f3 entrar en el Parlamento de Galicia, donde ella naci\u00f3. Cr\u00e9dito: C\u00e9zaro De Luca\" src=\"https:\/\/www.clarin.com\/img\/2023\/07\/21\/N3Y_GA1Az_720x0__1.jpg\"\/>Sumar, el partido de la ministra de Trabajo, Yolanda D\u00edaz, no logr\u00f3 entrar en el Parlamento de Galicia, donde ella naci\u00f3. Cr\u00e9dito: C\u00e9zaro De Luca<\/p>\n","protected":false},"excerpt":{"rendered":"<p>Durante la campa\u00f1a electoral en Galicia, el secretario general del PSOE y presidente del gobierno, Pedro S\u00e1nchez, particip\u00f3 en cuatro actos. Cr\u00e9dito: EFE\/Kiko HuescaLa candidata del BNG a la presidencia de la Xunta de Galicia, Ana Pont\u00f3n, consigui\u00f3 seis diputados m\u00e1s en el Parlamento gallego. Cr\u00e9dito: EFE\/ CabalarSumar, el partido de la ministra de Trabajo, Yolanda D\u00edaz, no logr\u00f3 entrar en el Parlamento de Galicia, donde ella naci\u00f3. Cr\u00e9dito: C\u00e9zaro De Luca<\/p>\n","protected":false},"author":2,"featured_media":17927,"comment_status":"","ping_status":"","sticky":false,"template":"","format":"standard","meta":{"footnotes":""},"categories":[3],"tags":[],"_links":{"self":[{"href":"https:\/\/maxradio923.com.ar\/index.php\/wp-json\/wp\/v2\/posts\/17926"}],"collection":[{"href":"https:\/\/maxradio923.com.ar\/index.php\/wp-json\/wp\/v2\/posts"}],"about":[{"href":"https:\/\/maxradio923.com.ar\/index.php\/wp-json\/wp\/v2\/types\/post"}],"author":[{"embeddable":true,"href":"https:\/\/maxradio923.com.ar\/index.php\/wp-json\/wp\/v2\/users\/2"}],"replies":[{"embeddable":true,"href":"https:\/\/maxradio923.com.ar\/index.php\/wp-json\/wp\/v2\/comments?post=17926"}],"version-history":[{"count":0,"href":"https:\/\/maxradio923.com.ar\/index.php\/wp-json\/wp\/v2\/posts\/17926\/revisions"}],"wp:featuredmedia":[{"embeddable":true,"href":"https:\/\/maxradio923.com.ar\/index.php\/wp-json\/wp\/v2\/media\/17927"}],"wp:attachment":[{"href":"https:\/\/maxradio923.com.ar\/index.php\/wp-json\/wp\/v2\/media?parent=17926"}],"wp:term":[{"taxonomy":"category","embeddable":true,"href":"https:\/\/maxradio923.com.ar\/index.php\/wp-json\/wp\/v2\/categories?post=17926"},{"taxonomy":"post_tag","embeddable":true,"href":"https:\/\/maxradio923.com.ar\/index.php\/wp-json\/wp\/v2\/tags?post=17926"}],"curies":[{"name":"wp","href":"https:\/\/api.w.org\/{rel}","templated":true}]}}