{"id":17924,"date":"2024-02-18T22:36:08","date_gmt":"2024-02-19T01:36:08","guid":{"rendered":"https:\/\/maxradio923.com.ar\/index.php\/2024\/02\/18\/susto-para-la-banda-de-sergio-torres-su-colectivo-se-quedo-sin-frenos-y-choco-con-un-camion-en-zarate\/"},"modified":"2024-02-18T22:36:08","modified_gmt":"2024-02-19T01:36:08","slug":"susto-para-la-banda-de-sergio-torres-su-colectivo-se-quedo-sin-frenos-y-choco-con-un-camion-en-zarate","status":"publish","type":"post","link":"https:\/\/maxradio923.com.ar\/index.php\/2024\/02\/18\/susto-para-la-banda-de-sergio-torres-su-colectivo-se-quedo-sin-frenos-y-choco-con-un-camion-en-zarate\/","title":{"rendered":"Susto para la banda de Sergio Torres: su colectivo se qued\u00f3 sin frenos y choc\u00f3 con un cami\u00f3n en Z\u00e1rate"},"content":{"rendered":"<ul>\n<li>Ocurri\u00f3 cuando regresaban a Santa Fe despu\u00e9s de una serie de shows en Buenos Aires.<\/li>\n<li>El cantante iba detr\u00e1s del micro, en un veh\u00edculo particular.<\/li>\n<li>Hubo once heridos leves.<\/li>\n<\/ul>\n","protected":false},"excerpt":{"rendered":"<p>Ocurri\u00f3 cuando regresaban a Santa Fe despu\u00e9s de una serie de shows en Buenos Aires.El cantante iba detr\u00e1s del micro, en un veh\u00edculo particular.Hubo once heridos leves.<\/p>\n","protected":false},"author":2,"featured_media":17925,"comment_status":"","ping_status":"","sticky":false,"template":"","format":"standard","meta":{"footnotes":""},"categories":[9],"tags":[],"_links":{"self":[{"href":"https:\/\/maxradio923.com.ar\/index.php\/wp-json\/wp\/v2\/posts\/17924"}],"collection":[{"href":"https:\/\/maxradio923.com.ar\/index.php\/wp-json\/wp\/v2\/posts"}],"about":[{"href":"https:\/\/maxradio923.com.ar\/index.php\/wp-json\/wp\/v2\/types\/post"}],"author":[{"embeddable":true,"href":"https:\/\/maxradio923.com.ar\/index.php\/wp-json\/wp\/v2\/users\/2"}],"replies":[{"embeddable":true,"href":"https:\/\/maxradio923.com.ar\/index.php\/wp-json\/wp\/v2\/comments?post=17924"}],"version-history":[{"count":0,"href":"https:\/\/maxradio923.com.ar\/index.php\/wp-json\/wp\/v2\/posts\/17924\/revisions"}],"wp:featuredmedia":[{"embeddable":true,"href":"https:\/\/maxradio923.com.ar\/index.php\/wp-json\/wp\/v2\/media\/17925"}],"wp:attachment":[{"href":"https:\/\/maxradio923.com.ar\/index.php\/wp-json\/wp\/v2\/media?parent=17924"}],"wp:term":[{"taxonomy":"category","embeddable":true,"href":"https:\/\/maxradio923.com.ar\/index.php\/wp-json\/wp\/v2\/categories?post=17924"},{"taxonomy":"post_tag","embeddable":true,"href":"https:\/\/maxradio923.com.ar\/index.php\/wp-json\/wp\/v2\/tags?post=17924"}],"curies":[{"name":"wp","href":"https:\/\/api.w.org\/{rel}","templated":true}]}}