{"id":17917,"date":"2024-02-18T13:37:34","date_gmt":"2024-02-18T16:37:34","guid":{"rendered":"https:\/\/maxradio923.com.ar\/index.php\/2024\/02\/18\/martin-llaryora-no-creo-que-ninguna-persona-de-bien-quiera-fundir-a-las-provincias-y-los-municipios-y-menos-el-presidente-de-un-pais\/"},"modified":"2024-02-18T13:37:34","modified_gmt":"2024-02-18T16:37:34","slug":"martin-llaryora-no-creo-que-ninguna-persona-de-bien-quiera-fundir-a-las-provincias-y-los-municipios-y-menos-el-presidente-de-un-pais","status":"publish","type":"post","link":"https:\/\/maxradio923.com.ar\/index.php\/2024\/02\/18\/martin-llaryora-no-creo-que-ninguna-persona-de-bien-quiera-fundir-a-las-provincias-y-los-municipios-y-menos-el-presidente-de-un-pais\/","title":{"rendered":"Mart\u00edn Llaryora: \u201cNo creo que ninguna persona de bien quiera fundir a las provincias y los municipios, y menos el presidente de un pa\u00eds\u201d"},"content":{"rendered":"<p>Definiciones del gobernador de C\u00f3rdoba, en di\u00e1logo con Clar\u00edn<\/p>\n","protected":false},"excerpt":{"rendered":"<p>Definiciones del gobernador de C\u00f3rdoba, en di\u00e1logo con Clar\u00edn<\/p>\n","protected":false},"author":2,"featured_media":17918,"comment_status":"","ping_status":"","sticky":false,"template":"","format":"standard","meta":{"footnotes":""},"categories":[7],"tags":[],"_links":{"self":[{"href":"https:\/\/maxradio923.com.ar\/index.php\/wp-json\/wp\/v2\/posts\/17917"}],"collection":[{"href":"https:\/\/maxradio923.com.ar\/index.php\/wp-json\/wp\/v2\/posts"}],"about":[{"href":"https:\/\/maxradio923.com.ar\/index.php\/wp-json\/wp\/v2\/types\/post"}],"author":[{"embeddable":true,"href":"https:\/\/maxradio923.com.ar\/index.php\/wp-json\/wp\/v2\/users\/2"}],"replies":[{"embeddable":true,"href":"https:\/\/maxradio923.com.ar\/index.php\/wp-json\/wp\/v2\/comments?post=17917"}],"version-history":[{"count":0,"href":"https:\/\/maxradio923.com.ar\/index.php\/wp-json\/wp\/v2\/posts\/17917\/revisions"}],"wp:featuredmedia":[{"embeddable":true,"href":"https:\/\/maxradio923.com.ar\/index.php\/wp-json\/wp\/v2\/media\/17918"}],"wp:attachment":[{"href":"https:\/\/maxradio923.com.ar\/index.php\/wp-json\/wp\/v2\/media?parent=17917"}],"wp:term":[{"taxonomy":"category","embeddable":true,"href":"https:\/\/maxradio923.com.ar\/index.php\/wp-json\/wp\/v2\/categories?post=17917"},{"taxonomy":"post_tag","embeddable":true,"href":"https:\/\/maxradio923.com.ar\/index.php\/wp-json\/wp\/v2\/tags?post=17917"}],"curies":[{"name":"wp","href":"https:\/\/api.w.org\/{rel}","templated":true}]}}