{"id":17905,"date":"2024-02-18T13:34:16","date_gmt":"2024-02-18T16:34:16","guid":{"rendered":"https:\/\/maxradio923.com.ar\/index.php\/2024\/02\/18\/milei-tras-conocerse-el-indice-de-pobreza-del-574-la-herencia-del-modelo-de-la-casta\/"},"modified":"2024-02-18T13:34:16","modified_gmt":"2024-02-18T16:34:16","slug":"milei-tras-conocerse-el-indice-de-pobreza-del-574-la-herencia-del-modelo-de-la-casta","status":"publish","type":"post","link":"https:\/\/maxradio923.com.ar\/index.php\/2024\/02\/18\/milei-tras-conocerse-el-indice-de-pobreza-del-574-la-herencia-del-modelo-de-la-casta\/","title":{"rendered":"Milei, tras conocerse el \u00edndice de pobreza del 57,4%: \u00abLa herencia del modelo de la casta\u00bb"},"content":{"rendered":"<p><img decoding=\"async\" src=\"https:\/\/diariod3.com\/wp-content\/uploads\/2024\/02\/javier-mileipng-1-750x430-1.webp\"\/><\/p>\n<p>Luego de que se conociera el \u00edndice de pobreza publicado por la UCA, el presidente Javier Milei realiz\u00f3 una publicaci\u00f3n en sus redes sociales hablando acerca de resultados.<\/p>\n<figure>\n<figure><img decoding=\"async\" src=\"https:\/\/www.diariodecuyo.com.ar\/__export\/1706910958760\/sites\/diariodecuyo\/img\/2024\/02\/02\/javier_milei_feliz_crop1706910958176.png_1536916664.png\" alt=\"Milei, tras conocerse el \u00edndice de pobreza del 57,4%: \"\/><\/figure>\n<\/figure>\n<p>Durante la tarde del d\u00eda del s\u00e1bado, la Universidad Cat\u00f3lica (UCA) public\u00f3 los resultados del \u00faltimo \u00edndice de pobreza, el cual revel\u00f3 que esta misma hab\u00eda ascendido hasta el 57,4% en el mes de enero, por lo que presidente Javier Milei hizo un comentario al respecto.<\/p>\n<p>As\u00ed fue como el jefe de estado utiliz\u00f3 su cuenta de Twitter (X), en la cual se encuentra activo de manera diaria, para realizar un comentario relacionado a los nuevos datos que se conocieron con respecto a la pobreza.<\/p>\n<p>Seg\u00fan expres\u00f3: \u201cLa verdadera herencia del modelo de la casta: 6 de cada 10 argentinos son pobres. La destrucci\u00f3n de los \u00faltimos cien a\u00f1os no tiene parag\u00f3n en la historia de Occidente\u201d.<\/p>\n<p>Por otro lado, el mandatario tambi\u00e9n coment\u00f3: \u201cLos pol\u00edticos tienen que entender que la gente vot\u00f3 un cambio y que nosotros vamos a dar la vida para llevarlo adelante. No vinimos a jugar al juego mediocre de la pol\u00edtica. Vinimos a cambiar el pa\u00eds. Viva la libertad carajo\u201d.<\/p>\n<figure><img decoding=\"async\" src=\"https:\/\/www.diariodecuyo.com.ar\/export\/sites\/diariodecuyo\/img\/2024\/02\/18\/milei.jpg_1859083961.jpg\"\/><\/figure>\n<p><strong>El presidente Javier Milei dio algunos detalles sobre el primer super\u00e1vit fiscal en 12 a\u00f1os<\/strong><\/p>\n<p>En la tarde de hoy, el presidente Javier Milei dio a conocer algunos detalles sobre el primer super\u00e1vit fiscal en 12 a\u00f1os, a trav\u00e9s de una publicaci\u00f3n que realiz\u00f3 en un comunicado oficial en la red social de Twitter (X).<\/p>\n<p>Seg\u00fan expres\u00f3: \u201cEn enero, el Sector P\u00fablico registr\u00f3 un super\u00e1vit primerio de $2.010.74 millones; se pagaron $ 1.492.338 millones en intereses de deuda, por lo que qued\u00f3 registrado un super\u00e1vit financiero de $ 518.408 millones\u201d.<\/p>\n<p>Adem\u00e1s agreg\u00f3: \u201cSe trata de la primera vez desde agosto de 2012, que el Gobierno Nacional gasta menos de lo que recauda, y que el pago de los intereses de deuda no deja las cuentas p\u00fablicas en rojo. El super\u00e1vit fiscal beneficia a todos los argentinos\u201d.<\/p>\n<p>La entrada <a href=\"https:\/\/diariod3.com\/milei-tras-conocerse-el-indice-de-pobreza-del-574-la-herencia-del-modelo-de-la-casta\/\" rel=\"noreferrer noopener\" target=\"_blank\">Milei, tras conocerse el \u00edndice de pobreza del 57,4%: \u00abLa herencia del modelo de la casta\u00bb<\/a> se public\u00f3 primero en <a href=\"https:\/\/diariod3.com\/\" rel=\"noreferrer noopener\" target=\"_blank\">DIARIO D3 NOTICIAS | SAN JUAN ARGENTINA<\/a>.<\/p>\n","protected":false},"excerpt":{"rendered":"<p>Luego de que se conociera el \u00edndice de pobreza publicado por la UCA, el presidente Javier Milei realiz\u00f3 una publicaci\u00f3n en sus redes sociales hablando acerca de resultados.<\/p>\n<p>Durante la tarde del d\u00eda del s\u00e1bado, la Universidad Cat\u00f3lica (UCA) public\u00f3 los resultados del \u00faltimo \u00edndice de pobreza, el cual revel\u00f3 que esta misma hab\u00eda ascendido hasta el 57,4% en el mes de enero, por lo que presidente Javier Milei hizo un comentario al respecto.<\/p>\n<p>As\u00ed fue como el jefe de estado utiliz\u00f3 su cuenta de Twitter (X), en la cual se encuentra activo de manera diaria, para realizar un comentario relacionado a los nuevos datos que se conocieron con respecto a la pobreza.<\/p>\n<p>Seg\u00fan expres\u00f3: \u201cLa verdadera herencia del modelo de la casta: 6 de cada 10 argentinos son pobres. La destrucci\u00f3n de los \u00faltimos cien a\u00f1os no tiene parag\u00f3n en la historia de Occidente\u201d.<\/p>\n<p>Por otro lado, el mandatario tambi\u00e9n coment\u00f3: \u201cLos pol\u00edticos tienen que entender que la gente vot\u00f3 un cambio y que nosotros vamos a dar la vida para lle..<\/p>\n","protected":false},"author":2,"featured_media":17906,"comment_status":"","ping_status":"","sticky":false,"template":"","format":"standard","meta":{"footnotes":""},"categories":[12],"tags":[],"_links":{"self":[{"href":"https:\/\/maxradio923.com.ar\/index.php\/wp-json\/wp\/v2\/posts\/17905"}],"collection":[{"href":"https:\/\/maxradio923.com.ar\/index.php\/wp-json\/wp\/v2\/posts"}],"about":[{"href":"https:\/\/maxradio923.com.ar\/index.php\/wp-json\/wp\/v2\/types\/post"}],"author":[{"embeddable":true,"href":"https:\/\/maxradio923.com.ar\/index.php\/wp-json\/wp\/v2\/users\/2"}],"replies":[{"embeddable":true,"href":"https:\/\/maxradio923.com.ar\/index.php\/wp-json\/wp\/v2\/comments?post=17905"}],"version-history":[{"count":0,"href":"https:\/\/maxradio923.com.ar\/index.php\/wp-json\/wp\/v2\/posts\/17905\/revisions"}],"wp:featuredmedia":[{"embeddable":true,"href":"https:\/\/maxradio923.com.ar\/index.php\/wp-json\/wp\/v2\/media\/17906"}],"wp:attachment":[{"href":"https:\/\/maxradio923.com.ar\/index.php\/wp-json\/wp\/v2\/media?parent=17905"}],"wp:term":[{"taxonomy":"category","embeddable":true,"href":"https:\/\/maxradio923.com.ar\/index.php\/wp-json\/wp\/v2\/categories?post=17905"},{"taxonomy":"post_tag","embeddable":true,"href":"https:\/\/maxradio923.com.ar\/index.php\/wp-json\/wp\/v2\/tags?post=17905"}],"curies":[{"name":"wp","href":"https:\/\/api.w.org\/{rel}","templated":true}]}}