{"id":17891,"date":"2024-02-18T13:29:27","date_gmt":"2024-02-18T16:29:27","guid":{"rendered":"https:\/\/maxradio923.com.ar\/index.php\/2024\/02\/18\/300-policias-drones-de-ultima-generacion-y-una-toma-de-rehenes-asi-buscan-a-los-presos-que-se-fugaron-de-una-carcel-de-maxima-seguridad-en-brasil\/"},"modified":"2024-02-18T13:29:27","modified_gmt":"2024-02-18T16:29:27","slug":"300-policias-drones-de-ultima-generacion-y-una-toma-de-rehenes-asi-buscan-a-los-presos-que-se-fugaron-de-una-carcel-de-maxima-seguridad-en-brasil","status":"publish","type":"post","link":"https:\/\/maxradio923.com.ar\/index.php\/2024\/02\/18\/300-policias-drones-de-ultima-generacion-y-una-toma-de-rehenes-asi-buscan-a-los-presos-que-se-fugaron-de-una-carcel-de-maxima-seguridad-en-brasil\/","title":{"rendered":"300 polic\u00edas, drones de \u00faltima generaci\u00f3n y una toma de rehenes: as\u00ed buscan a los presos que se fugaron de una c\u00e1rcel de m\u00e1xima seguridad en Brasil"},"content":{"rendered":"<p><img decoding=\"async\" alt=\"La Polic\u00eda sigue con la b\u00fasqueda de dos hombres que huyeron de la prisi\u00f3n federal de Mossor\u00f3. Foto EFE\" src=\"https:\/\/www.clarin.com\/img\/2024\/02\/17\/vBxI5oIZY_720x0__1.jpg\"\/>La Polic\u00eda sigue con la b\u00fasqueda de dos hombres que huyeron de la prisi\u00f3n federal de Mossor\u00f3. Foto EFE<img decoding=\"async\" alt=\"El operativo es en una amplia zona roral alrededor de Mossor\u00f3. Foto EFE\" src=\"https:\/\/www.clarin.com\/img\/2024\/02\/17\/Ek6MTNHGl_720x0__1.jpg\"\/>El operativo es en una amplia zona roral alrededor de Mossor\u00f3. Foto EFE<img decoding=\"async\" alt=\"La c\u00e1rcel federal de Mossor\u00f3, considerada de &quot;m\u00e1xima seguridad&quot; y que sufri\u00f3 la fuga de dos presos. Foto EFE\" src=\"https:\/\/www.clarin.com\/img\/2024\/02\/16\/BDy-vgoks_720x0__1.jpg\"\/>La c\u00e1rcel federal de Mossor\u00f3, considerada de &quot;m\u00e1xima seguridad&quot; y que sufri\u00f3 la fuga de dos presos. Foto EFE<\/p>\n","protected":false},"excerpt":{"rendered":"<p>La Polic\u00eda sigue con la b\u00fasqueda de dos hombres que huyeron de la prisi\u00f3n federal de Mossor\u00f3. Foto EFEEl operativo es en una amplia zona roral alrededor de Mossor\u00f3. Foto EFELa c\u00e1rcel federal de Mossor\u00f3, considerada de &#8220;m\u00e1xima seguridad&#8221; y que sufri\u00f3 la fuga de dos presos. Foto EFE<\/p>\n","protected":false},"author":2,"featured_media":17892,"comment_status":"","ping_status":"","sticky":false,"template":"","format":"standard","meta":{"footnotes":""},"categories":[3],"tags":[],"_links":{"self":[{"href":"https:\/\/maxradio923.com.ar\/index.php\/wp-json\/wp\/v2\/posts\/17891"}],"collection":[{"href":"https:\/\/maxradio923.com.ar\/index.php\/wp-json\/wp\/v2\/posts"}],"about":[{"href":"https:\/\/maxradio923.com.ar\/index.php\/wp-json\/wp\/v2\/types\/post"}],"author":[{"embeddable":true,"href":"https:\/\/maxradio923.com.ar\/index.php\/wp-json\/wp\/v2\/users\/2"}],"replies":[{"embeddable":true,"href":"https:\/\/maxradio923.com.ar\/index.php\/wp-json\/wp\/v2\/comments?post=17891"}],"version-history":[{"count":0,"href":"https:\/\/maxradio923.com.ar\/index.php\/wp-json\/wp\/v2\/posts\/17891\/revisions"}],"wp:featuredmedia":[{"embeddable":true,"href":"https:\/\/maxradio923.com.ar\/index.php\/wp-json\/wp\/v2\/media\/17892"}],"wp:attachment":[{"href":"https:\/\/maxradio923.com.ar\/index.php\/wp-json\/wp\/v2\/media?parent=17891"}],"wp:term":[{"taxonomy":"category","embeddable":true,"href":"https:\/\/maxradio923.com.ar\/index.php\/wp-json\/wp\/v2\/categories?post=17891"},{"taxonomy":"post_tag","embeddable":true,"href":"https:\/\/maxradio923.com.ar\/index.php\/wp-json\/wp\/v2\/tags?post=17891"}],"curies":[{"name":"wp","href":"https:\/\/api.w.org\/{rel}","templated":true}]}}