{"id":17885,"date":"2024-02-18T13:23:26","date_gmt":"2024-02-18T16:23:26","guid":{"rendered":"https:\/\/maxradio923.com.ar\/index.php\/2024\/02\/18\/se-entrego-y-quedo-detenido-el-hombre-que-confeso-haber-matado-a-su-ex-en-un-cementerio-de-san-juan\/"},"modified":"2024-02-18T13:45:19","modified_gmt":"2024-02-18T16:45:19","slug":"se-entrego-y-quedo-detenido-el-hombre-que-confeso-haber-matado-a-su-ex-en-un-cementerio-de-san-juan","status":"publish","type":"post","link":"https:\/\/maxradio923.com.ar\/index.php\/2024\/02\/18\/se-entrego-y-quedo-detenido-el-hombre-que-confeso-haber-matado-a-su-ex-en-un-cementerio-de-san-juan\/","title":{"rendered":"Se entreg\u00f3 y qued\u00f3 detenido el hombre que confes\u00f3 haber matado a su ex en un cementerio de San Juan"},"content":{"rendered":"<ul>\n<li>Hab\u00edan trascendido mensajes de Ariel Omar P\u00e9rez admitiendo que apu\u00f1al\u00f3 a Yanina P\u00e9rez de la Vega en Angaco.<\/li>\n<li>El femicida ten\u00eda antecedentes de violencia de g\u00e9nero y hab\u00eda estado preso recientemente por una condena tras atacar a otra mujer.<\/li>\n<\/ul>\n","protected":false},"excerpt":{"rendered":"<p>Hab\u00edan trascendido mensajes de Ariel Omar P\u00e9rez admitiendo que apu\u00f1al\u00f3 a Yanina P\u00e9rez de la Vega en Angaco.El femicida ten\u00eda antecedentes de violencia de g\u00e9nero y hab\u00eda estado preso recientemente por una condena tras atacar a otra mujer.<\/p>\n","protected":false},"author":2,"featured_media":17886,"comment_status":"closed","ping_status":"closed","sticky":false,"template":"","format":"standard","meta":{"footnotes":""},"categories":[6,8,9],"tags":[],"_links":{"self":[{"href":"https:\/\/maxradio923.com.ar\/index.php\/wp-json\/wp\/v2\/posts\/17885"}],"collection":[{"href":"https:\/\/maxradio923.com.ar\/index.php\/wp-json\/wp\/v2\/posts"}],"about":[{"href":"https:\/\/maxradio923.com.ar\/index.php\/wp-json\/wp\/v2\/types\/post"}],"author":[{"embeddable":true,"href":"https:\/\/maxradio923.com.ar\/index.php\/wp-json\/wp\/v2\/users\/2"}],"replies":[{"embeddable":true,"href":"https:\/\/maxradio923.com.ar\/index.php\/wp-json\/wp\/v2\/comments?post=17885"}],"version-history":[{"count":1,"href":"https:\/\/maxradio923.com.ar\/index.php\/wp-json\/wp\/v2\/posts\/17885\/revisions"}],"predecessor-version":[{"id":17921,"href":"https:\/\/maxradio923.com.ar\/index.php\/wp-json\/wp\/v2\/posts\/17885\/revisions\/17921"}],"wp:featuredmedia":[{"embeddable":true,"href":"https:\/\/maxradio923.com.ar\/index.php\/wp-json\/wp\/v2\/media\/17886"}],"wp:attachment":[{"href":"https:\/\/maxradio923.com.ar\/index.php\/wp-json\/wp\/v2\/media?parent=17885"}],"wp:term":[{"taxonomy":"category","embeddable":true,"href":"https:\/\/maxradio923.com.ar\/index.php\/wp-json\/wp\/v2\/categories?post=17885"},{"taxonomy":"post_tag","embeddable":true,"href":"https:\/\/maxradio923.com.ar\/index.php\/wp-json\/wp\/v2\/tags?post=17885"}],"curies":[{"name":"wp","href":"https:\/\/api.w.org\/{rel}","templated":true}]}}