{"id":17879,"date":"2024-02-17T14:33:05","date_gmt":"2024-02-17T17:33:05","guid":{"rendered":"https:\/\/maxradio923.com.ar\/index.php\/2024\/02\/17\/ponete-a-laburar-hermano-pablo-moyano-volvio-a-cargar-contra-javier-milei-dijo-que-esta-todo-el-dia-en-twitter-y-lo-llamo-hazmerreir\/"},"modified":"2024-02-17T14:33:05","modified_gmt":"2024-02-17T17:33:05","slug":"ponete-a-laburar-hermano-pablo-moyano-volvio-a-cargar-contra-javier-milei-dijo-que-esta-todo-el-dia-en-twitter-y-lo-llamo-hazmerreir","status":"publish","type":"post","link":"https:\/\/maxradio923.com.ar\/index.php\/2024\/02\/17\/ponete-a-laburar-hermano-pablo-moyano-volvio-a-cargar-contra-javier-milei-dijo-que-esta-todo-el-dia-en-twitter-y-lo-llamo-hazmerreir\/","title":{"rendered":"&#8220;Ponete a laburar, hermano&#8221;: Pablo Moyano volvi\u00f3 a cargar contra Javier Milei, dijo que est\u00e1 todo el d\u00eda en Twitter y lo llam\u00f3 hazmerre\u00edr"},"content":{"rendered":"<ul>\n<li>El l\u00edder de la CGT advirti\u00f3 que &quot;hay mucha bronca&quot; en los barrios populares y que marzo &quot;ser\u00e1 conflictivo&quot;.<\/li>\n<li>&quot;Nos quejamos de que Macri se pon\u00eda a ver Netflix y este tipo se pasa todo el d\u00eda en las redes&quot;, dispar\u00f3.<\/li>\n<\/ul>\n","protected":false},"excerpt":{"rendered":"<p>El l\u00edder de la CGT advirti\u00f3 que &#8220;hay mucha bronca&#8221; en los barrios populares y que marzo &#8220;ser\u00e1 conflictivo&#8221;.&#8221;Nos quejamos de que Macri se pon\u00eda a ver Netflix y este tipo se pasa todo el d\u00eda en las redes&#8221;, dispar\u00f3.<\/p>\n","protected":false},"author":2,"featured_media":17880,"comment_status":"","ping_status":"","sticky":false,"template":"","format":"standard","meta":{"footnotes":""},"categories":[7],"tags":[],"_links":{"self":[{"href":"https:\/\/maxradio923.com.ar\/index.php\/wp-json\/wp\/v2\/posts\/17879"}],"collection":[{"href":"https:\/\/maxradio923.com.ar\/index.php\/wp-json\/wp\/v2\/posts"}],"about":[{"href":"https:\/\/maxradio923.com.ar\/index.php\/wp-json\/wp\/v2\/types\/post"}],"author":[{"embeddable":true,"href":"https:\/\/maxradio923.com.ar\/index.php\/wp-json\/wp\/v2\/users\/2"}],"replies":[{"embeddable":true,"href":"https:\/\/maxradio923.com.ar\/index.php\/wp-json\/wp\/v2\/comments?post=17879"}],"version-history":[{"count":0,"href":"https:\/\/maxradio923.com.ar\/index.php\/wp-json\/wp\/v2\/posts\/17879\/revisions"}],"wp:featuredmedia":[{"embeddable":true,"href":"https:\/\/maxradio923.com.ar\/index.php\/wp-json\/wp\/v2\/media\/17880"}],"wp:attachment":[{"href":"https:\/\/maxradio923.com.ar\/index.php\/wp-json\/wp\/v2\/media?parent=17879"}],"wp:term":[{"taxonomy":"category","embeddable":true,"href":"https:\/\/maxradio923.com.ar\/index.php\/wp-json\/wp\/v2\/categories?post=17879"},{"taxonomy":"post_tag","embeddable":true,"href":"https:\/\/maxradio923.com.ar\/index.php\/wp-json\/wp\/v2\/tags?post=17879"}],"curies":[{"name":"wp","href":"https:\/\/api.w.org\/{rel}","templated":true}]}}