{"id":17831,"date":"2024-02-16T09:19:15","date_gmt":"2024-02-16T12:19:15","guid":{"rendered":"https:\/\/maxradio923.com.ar\/index.php\/2024\/02\/16\/frigerio-advirtio-si-es-necesario-ira-a-la-justicia-para-recuperar-la-coparticipacion\/"},"modified":"2024-02-16T09:19:15","modified_gmt":"2024-02-16T12:19:15","slug":"frigerio-advirtio-si-es-necesario-ira-a-la-justicia-para-recuperar-la-coparticipacion","status":"publish","type":"post","link":"https:\/\/maxradio923.com.ar\/index.php\/2024\/02\/16\/frigerio-advirtio-si-es-necesario-ira-a-la-justicia-para-recuperar-la-coparticipacion\/","title":{"rendered":"Frigerio advirti\u00f3, \u00absi es necesario\u00bb, ir\u00e1 a la Justicia para recuperar la coparticipaci\u00f3n"},"content":{"rendered":"<p><img decoding=\"async\" src=\"https:\/\/diariod3.com\/wp-content\/uploads\/2024\/02\/65cf3a226ff02_1200.jpg\"\/><\/p>\n<p>Al inaugurar el 145\u00ba per\u00edodo de sesiones ordinarias de la Legislatura, el gobernador entrerriano afirm\u00f3 que dar\u00e1 todo el \u00abapoyo\u00bb que necesita el presidente Javier Milei, aunque tom\u00f3 cierta distancia al plantear que la provincia necesita volver a recibir los fondos que le quit\u00f3 el Gobierno Nacional. \u00abLos argentinos no aguantan m\u00e1s\u00bb, afirm\u00f3.<\/p>\n<figure><img decoding=\"async\" src=\"https:\/\/www.telam.com.ar\/thumbs\/bluesteel\/advf\/imagenes\/2024\/02\/65cf3a223dc0b_1200.jpg\" alt=\"El gobernador de Entre Ros Rogelio Frigerio al inaugurar las sesiones ordinarias de la legislatura provincial Foto Prensa\"\/><figcaption>El gobernador de Entre R\u00edos, Rogelio Frigerio, al inaugurar las sesiones ordinarias de la legislatura provincial \/ Foto Prensa.<\/figcaption><\/figure>\n<p>El gobernador de Entre R\u00edos, Rogelio Frigerio, inaugur\u00f3 este jueves el 145\u00ba per\u00edodo de sesiones ordinarias de la Legislatura, donde sostuvo que dar\u00e1 el \u00abapoyo\u00bb que necesita la gesti\u00f3n de Javier Milei \u00abpara lograr ordenar las cuentas\u00bb, pero advirti\u00f3 que avanzar\u00e1 por<strong> \u00abv\u00eda judicial si es necesario\u00bb<\/strong> para recuperar los fondos que quit\u00f3 el Gobierno nacional a las provincias y se\u00f1al\u00f3 que <strong>\u00ablos argentinos no aguantan m\u00e1s\u00bb<\/strong>.<\/p>\n<p>\u00abNo puede haber una contradicci\u00f3n entre el equilibrio fiscal y la defensa de los intereses de la provincia. Hace 170 a\u00f1os fue la Batalla de Caseros, <strong>me niego a creer que retrocedimos dos siglos en la pelea entre unitarios y federales<\/strong>\u00ab, dijo el mandatario provincial, quien pidi\u00f3 que el Gobierno del presidente Javier Milei <strong>\u00abrespete los acuerdos y el federalismo<\/strong>\u00ab, y anunci\u00f3 que por la quita de fondos coparticipables avanzar\u00e1 \u00abpor la v\u00eda judicial si es necesario\u00bb.<\/p>\n<blockquote>\n<p>\u00abLa decisi\u00f3n de quitar subsidios tiene consecuencias y no es gratis para la gente\u00bb<cite>Rogelio Frigerio<\/cite><\/p>\n<\/blockquote>\n<p>Frigerio abri\u00f3 as\u00ed el primer per\u00edodo legislativo de su mandato y present\u00f3 un informe completo de gesti\u00f3n en el Centro Provincial de Convenciones (CPC) de Paran\u00e1 como se produce desde 2019, frente a la Costanera y el r\u00edo Paran\u00e1.<\/p>\n<p>All\u00ed tambi\u00e9n sindicatos y sectores de izquierda realizaron una manifestaci\u00f3n y reclamaron \u00absalario en blanco, canasta familiar y que el Estado garantice la educaci\u00f3n p\u00fablica\u00bb, seg\u00fan indicaron fuentes gremiales a T\u00e9lam.<\/p>\n<p>Dentro del CPC, y frente a funcionarios, legisladores, intendentes, y representantes de sindicatos, fuerzas de seguridad, cultos y otros sectores, Frigerio dio un detalle de las finanzas y la situaci\u00f3n provincial, a la que calific\u00f3 de \u00abca\u00f3tica y cr\u00edtica\u00bb, y con un escenario nacional <strong>\u00abdevastado por pol\u00edticas populistas\u00bb<\/strong>.<\/p>\n<p>Entre R\u00edos est\u00e1 <strong>\u00abdesfinanciada, endeudada, sin recursos ni incentivos\u00bb<\/strong>, asegur\u00f3 el gobernador, y calific\u00f3 el panorama nacional como <strong>\u00abmuy delicado y sin plata\u00bb<\/strong>, que impacta \u00aben la tarifa de la luz, viviendas, obra p\u00fablica, transporte y fondos para educaci\u00f3n\u00bb.<\/p>\n<p>En ese sentido, confirm\u00f3 su <strong>\u00abapoyo a los esfuerzos que necesita el Gobierno nacional para lograr ordenar las cuentas, bajar la inflaci\u00f3n y volver a crecer\u00bb<\/strong>, pero remarc\u00f3 que \u00ablos argentinos no aguantan m\u00e1s\u00bb.<\/p>\n<p>Por eso, reclam\u00f3 <strong>\u00abreordenar c\u00f3mo se distribuyen los recursos\u00bb<\/strong> del pa\u00eds, antes de que la Naci\u00f3n deje de enviar fondos \u00abpara pagar sueldos, subsidiar el transporte u obras p\u00fablicas\u00bb.<\/p>\n<blockquote>\n<p>\u00abHace 170 a\u00f1os fue la Batalla de Caseros, me niego a creer que retrocedimos dos siglos en la pelea entre unitarios y federales\u00bb<cite>Rogelio Frigerio<\/cite><\/p>\n<\/blockquote>\n<p>\u00abSi esta din\u00e1mica persiste, el equilibrio de la Naci\u00f3n va a tener desequilibrio creciente en las cuentas provinciales\u00bb, porque la decisi\u00f3n de quitar subsidios <strong>\u00abtiene consecuencias\u00bb<\/strong> y <strong>\u00abno es gratis para la gente\u00bb<\/strong>, advirti\u00f3.<\/p>\n<p>Ante ese panorama, Frigerio adelant\u00f3 que la provincia <strong>continuar\u00e1 subsidiando a los sectores \u00abvulnerables y a quienes generan empleo\u00bb<\/strong>, que no eliminar\u00e1 la subvenci\u00f3n al transporte p\u00fablico, y que debi\u00f3 pagar \u00ablo que Naci\u00f3n se comprometi\u00f3 y no lo hizo\u00bb.<\/p>\n<p>Asimismo, pidi\u00f3 trabajar en \u00abpuntos de encuentro entre las necesidades del Gobierno nacional y las de las provincias\u00bb, pero adelant\u00f3 que avanzar\u00e1 en \u00abtodas las demandas judiciales necesarias para defender los recursos que son nuestros\u00bb.<\/p>\n<figure><img decoding=\"async\" src=\"https:\/\/www.telam.com.ar\/thumbs\/bluesteel\/advf\/imagenes\/2024\/02\/65cf3a2251f58_1200.jpg\" alt=\"Foto Prensa\"\/><figcaption>Foto Prensa.<\/figcaption><\/figure>\n<p>En otro tramo de su discurso, el mandatario entrerriano apunt\u00f3 contra la gesti\u00f3n provincial anterior, que dej\u00f3 \u00abdesorden, una provincia sin fondos y una faltante de $100.000 millones\u00bb para pagar sueldos y deudas.<\/p>\n<p><strong>\u00abNos vimos obligados a tomar deuda de corto plazo\u00bb<\/strong>, sostuvo, pero tambi\u00e9n se\u00f1al\u00f3 un camino de \u00abfinanciamiento internacional\u00bb para desarrollar obras p\u00fablicas \u00abprimordiales\u00bb como saneamiento y caminos rurales, porque se mostr\u00f3 como un \u00abdefensor de la obra p\u00fablica\u00bb, aunque \u00abcon planificaci\u00f3n adecuada\u00bb.<\/p>\n<p>Por otra parte, Frigerio record\u00f3 los proyectos de ley que envi\u00f3 a la Legislatura en enero, con los que pretende derogar las jubilaciones vitalicias, crear una Oficina de Acceso a la Informaci\u00f3n P\u00fablica y prohibir designaciones en planta permanente entre las elecciones generales y el 10 de diciembre.<\/p>\n<p><strong>\u00abLa pol\u00edtica \u2013<\/strong>prosigui\u00f3<strong>\u2013 tiene que ser la primera en ajustarse, por eso bajamos a pr\u00e1cticamente la mitad los cargos pol\u00edticos y se baj\u00f3 un 75% en t\u00e9rminos reales los contratos en el Senado, y otro 70% en Diputados\u00bb.<\/strong><\/p>\n<blockquote>\n<p>\u00abApoyo a los esfuerzos que necesita el Gobierno nacional para lograr ordenar las cuentas, bajar la inflaci\u00f3n y volver a crecer\u00bb<cite>Rogelio Frigerio<\/cite><\/p>\n<\/blockquote>\n<p>Tambi\u00e9n comunic\u00f3 que este viernes enviar\u00e1 un <strong>proyecto de transparencia y \u00e9tica de la funci\u00f3n p\u00fablica<\/strong>, que plantea un r\u00e9gimen de incompatibilidades de funcionarios p\u00fablicos, una \u00abficha limpia\u00bb en la que quien fue condenado por acoso sexual o corrupci\u00f3n, entre otros delitos, no puedan \u00abpresentarse a elecciones ni ser funcionarios\u00bb.<\/p>\n<p>Una reforma pol\u00edtica con una boleta \u00fanica para \u00abterminar el negocio de impresi\u00f3n de boletas\u00bb, otra ley que prohibir\u00e1 los gastos reservados y una ley que declara la emergencia alimentaria en Entre R\u00edos, son proyectos que enviar\u00e1 el Congreso.<\/p>\n<p>Adem\u00e1s, prometi\u00f3 un programa integrado de salud, un plan de alfabetizaci\u00f3n con evaluaciones provinciales anuales, una planilla social \u00fanica para quienes reciban planes y subsidios, y una ficha especial con la \u00absalud, desarrollo humano y educaci\u00f3n\u00bb de cada menor de edad.<\/p>\n<figure><img decoding=\"async\" src=\"https:\/\/www.telam.com.ar\/thumbs\/bluesteel\/advf\/imagenes\/2024\/02\/65cf3a226ff02_1200.jpg\" alt=\"Foto Prensa\"\/><figcaption>Foto Prensa.<\/figcaption><\/figure>\n<p>Por otro lado, anunci\u00f3 <strong>proyectos para fomentar la instalaci\u00f3n de industrias del conocimiento, una nueva ley de promoci\u00f3n industrial, la creaci\u00f3n de un Ente Mixto de Turismo con beneficios impositivos y crediticios y de un Consejo Provincial de Modernizaci\u00f3n.<\/strong><\/p>\n<p>Asimismo, el gobernador prometi\u00f3 una norma de \u00abmitigaci\u00f3n y adaptaci\u00f3n clim\u00e1tica\u00bb porque el cambio clim\u00e1tico \u00abexige ocuparse de inmediato de la naturaleza\u00bb; una nueva ley de telecomunicaciones, obras de infraestructura y un \u00abplan de inclusi\u00f3n digital\u00bb.<\/p>\n<p>Finalmente, Frigerio dijo que es un \u00abpunto de partida para mejorar\u00bb, y que si la provincia \u00abpelea por los recursos que corresponden\u00bb en este \u00abmomento de los m\u00e1s dif\u00edciles de la historia\u00bb, Entre R\u00edos podr\u00e1 \u00abvolver a ser protagonista y l\u00edder\u00bb.<\/p>\n<figure><img decoding=\"async\" src=\"https:\/\/www.telam.com.ar\/thumbs\/bluesteel\/advf\/imagenes\/2024\/02\/65cf3a221f537_1200.jpg\" alt=\"Foto Prensa\"\/><figcaption>Foto Prensa.<\/figcaption><\/figure>\n<p>La entrada <a href=\"https:\/\/diariod3.com\/frigerio-advirtio-si-es-necesario-ira-a-la-justicia-para-recuperar-la-coparticipacion\/\" rel=\"noreferrer noopener\" target=\"_blank\">Frigerio advirti\u00f3, \u00absi es necesario\u00bb, ir\u00e1 a la Justicia para recuperar la coparticipaci\u00f3n<\/a> se public\u00f3 primero en <a href=\"https:\/\/diariod3.com\/\" rel=\"noreferrer noopener\" target=\"_blank\">DIARIO D3 NOTICIAS | SAN JUAN ARGENTINA<\/a>.<\/p>\n","protected":false},"excerpt":{"rendered":"<p>Al inaugurar el 145\u00ba per\u00edodo de sesiones ordinarias de la Legislatura, el gobernador entrerriano afirm\u00f3 que dar\u00e1 todo el \u00abapoyo\u00bb que necesita el presidente Javier Milei, aunque tom\u00f3 cierta distancia al plantear que la provincia necesita volver a recibir los fondos que le quit\u00f3 el Gobierno Nacional. \u00abLos argentinos no aguantan m\u00e1s\u00bb, afirm\u00f3.<\/p>\n<p>El gobernador de Entre R\u00edos, Rogelio Frigerio, al inaugurar las sesiones ordinarias de la legislatura provincial \/ Foto Prensa.<br \/>\nEl gobernador de Entre R\u00edos, Rogelio Frigerio, inaugur\u00f3 este jueves el 145\u00ba per\u00edodo de sesiones ordinarias de la Legislatura, donde sostuvo que dar\u00e1 el \u00abapoyo\u00bb que necesita la gesti\u00f3n de Javier Milei \u00abpara lograr ordenar las cuentas\u00bb, pero advirti\u00f3 que avanzar\u00e1 por \u00abv\u00eda judicial si es necesario\u00bb para recuperar los fondos que quit\u00f3 el Gobierno nacional a las provincias y se\u00f1al\u00f3 que \u00ablos argentinos no aguantan m\u00e1s\u00bb.<\/p>\n<p>\u00abNo puede haber una contradicci\u00f3n entre el equilibrio fiscal y la defensa de los intereses de la provincia. Ha..<\/p>\n","protected":false},"author":2,"featured_media":17832,"comment_status":"","ping_status":"","sticky":false,"template":"","format":"standard","meta":{"footnotes":""},"categories":[12],"tags":[],"_links":{"self":[{"href":"https:\/\/maxradio923.com.ar\/index.php\/wp-json\/wp\/v2\/posts\/17831"}],"collection":[{"href":"https:\/\/maxradio923.com.ar\/index.php\/wp-json\/wp\/v2\/posts"}],"about":[{"href":"https:\/\/maxradio923.com.ar\/index.php\/wp-json\/wp\/v2\/types\/post"}],"author":[{"embeddable":true,"href":"https:\/\/maxradio923.com.ar\/index.php\/wp-json\/wp\/v2\/users\/2"}],"replies":[{"embeddable":true,"href":"https:\/\/maxradio923.com.ar\/index.php\/wp-json\/wp\/v2\/comments?post=17831"}],"version-history":[{"count":0,"href":"https:\/\/maxradio923.com.ar\/index.php\/wp-json\/wp\/v2\/posts\/17831\/revisions"}],"wp:featuredmedia":[{"embeddable":true,"href":"https:\/\/maxradio923.com.ar\/index.php\/wp-json\/wp\/v2\/media\/17832"}],"wp:attachment":[{"href":"https:\/\/maxradio923.com.ar\/index.php\/wp-json\/wp\/v2\/media?parent=17831"}],"wp:term":[{"taxonomy":"category","embeddable":true,"href":"https:\/\/maxradio923.com.ar\/index.php\/wp-json\/wp\/v2\/categories?post=17831"},{"taxonomy":"post_tag","embeddable":true,"href":"https:\/\/maxradio923.com.ar\/index.php\/wp-json\/wp\/v2\/tags?post=17831"}],"curies":[{"name":"wp","href":"https:\/\/api.w.org\/{rel}","templated":true}]}}