{"id":17829,"date":"2024-02-16T09:19:12","date_gmt":"2024-02-16T12:19:12","guid":{"rendered":"https:\/\/maxradio923.com.ar\/index.php\/2024\/02\/16\/milei-recibira-el-premio-2024-que-otorga-el-instituto-juan-de-mariana-de-espana\/"},"modified":"2024-02-16T09:19:12","modified_gmt":"2024-02-16T12:19:12","slug":"milei-recibira-el-premio-2024-que-otorga-el-instituto-juan-de-mariana-de-espana","status":"publish","type":"post","link":"https:\/\/maxradio923.com.ar\/index.php\/2024\/02\/16\/milei-recibira-el-premio-2024-que-otorga-el-instituto-juan-de-mariana-de-espana\/","title":{"rendered":"Milei recibir\u00e1 el Premio 2024 que otorga el Instituto Juan de Mariana de Espa\u00f1a"},"content":{"rendered":"<p><img decoding=\"async\" src=\"https:\/\/diariod3.com\/wp-content\/uploads\/2024\/02\/6569ef39601d7_1200.jpg\"\/><\/p>\n<p>El presidente celebr\u00f3 la noticia a trav\u00e9s de las redes sociales, con un mensaje en el que apunt\u00f3 contra el \u00abej\u00e9rcito de individuos que no la ven, ya sea por ignorancia o por envidia\u00bb. Qui\u00e9nes fueron los economistas y personalidades distinguidos por el \u00abthink tank por la libertad\u00bb, como se presenta la instituci\u00f3n en su p\u00e1gina web.<\/p>\n<figure><img decoding=\"async\" src=\"https:\/\/www.telam.com.ar\/thumbs\/bluesteel\/advf\/imagenes\/2023\/12\/6569ef39601d7_1200.jpg\" alt=\"Foto Daniel Dabove\"\/><figcaption>Foto: Daniel Dabove<\/figcaption><\/figure>\n<p>El presidente Javier Milei recibir\u00e1 el pr\u00f3ximo 21 de junio el <strong>Premio Juana de Mariana 2024<\/strong>, entregado por el Instituto hom\u00f3nimo, cuya ceremonia de entrega tendr\u00e1 lugar en Madrid, Espa\u00f1a.<\/p>\n<p>\u00ab\u00a1Viva la libertad carajo! PD: mientras tanto hay un ej\u00e9rcito de individuos que no la ven, ya sea por ignorancia o por envidia\u00bb, expres\u00f3 Milei en su cuenta personal de la red social X (antes Twitter), al celebrar la entrega del premio.<\/p>\n<p>El anuncio fue realizado en la misma red social por <strong>Alberto Benegas Lynch<\/strong>: \u00abAnuncio con gran placer que Javier Milei recibir\u00e1 el Premio 2024 por el Instituto Juan de Mariana que se le entregar\u00e1 en Madrid el 21 de junio\u00bb<\/p>\n<p>En su posteo, Benegas Lynch record\u00f3 que ese mismo premio fue recibido por el jurista <strong>Antonio Escohotado<\/strong>; el escritor <strong>Mario Vargas Llosa<\/strong>; los economistas<strong> Anthony de Jasay, Jes\u00fas Huerta de Soto, Carlos Rodr\u00edguez Braun y Miguel Anxo Bastos.<\/strong><\/p>\n<p>En su p\u00e1gina web, el Instituto Juan de Mariana (IJM) se presenta como \u00abun \u2018think tank\u2019 por la libertad\u00bb que tiene el objetivo de \u00abinvestigar asuntos p\u00fablicos y convertirse en un punto de referencia en el debate de las ideas y de las pol\u00edticas p\u00fablicas con la vista puesta en una sociedad libre\u00bb.<\/p>\n<p>La instituci\u00f3n tiene sede en Madrid y cuenta con \u00abplanes de formaci\u00f3n multidisciplinar\u00bb para \u00abesfuerzos divulgativos y de an\u00e1lisis de la actualidad\u00bb.<\/p>\n<p>La entrada <a href=\"https:\/\/diariod3.com\/milei-recibira-el-premio-2024-que-otorga-el-instituto-juan-de-mariana-de-espana\/\" rel=\"noreferrer noopener\" target=\"_blank\">Milei recibir\u00e1 el Premio 2024 que otorga el Instituto Juan de Mariana de Espa\u00f1a<\/a> se public\u00f3 primero en <a href=\"https:\/\/diariod3.com\/\" rel=\"noreferrer noopener\" target=\"_blank\">DIARIO D3 NOTICIAS | SAN JUAN ARGENTINA<\/a>.<\/p>\n","protected":false},"excerpt":{"rendered":"<p>El presidente celebr\u00f3 la noticia a trav\u00e9s de las redes sociales, con un mensaje en el que apunt\u00f3 contra el \u00abej\u00e9rcito de individuos que no la ven, ya sea por ignorancia o por envidia\u00bb. Qui\u00e9nes fueron los economistas y personalidades distinguidos por el \u00abthink tank por la libertad\u00bb, como se presenta la instituci\u00f3n en su p\u00e1gina web.<\/p>\n<p>Foto: Daniel Dabove<br \/>\nEl presidente Javier Milei recibir\u00e1 el pr\u00f3ximo 21 de junio el Premio Juana de Mariana 2024, entregado por el Instituto hom\u00f3nimo, cuya ceremonia de entrega tendr\u00e1 lugar en Madrid, Espa\u00f1a.<\/p>\n<p>\u00ab\u00a1Viva la libertad carajo! PD: mientras tanto hay un ej\u00e9rcito de individuos que no la ven, ya sea por ignorancia o por envidia\u00bb, expres\u00f3 Milei en su cuenta personal de la red social X (antes Twitter), al celebrar la entrega del premio.<\/p>\n<p>El anuncio fue realizado en la misma red social por Alberto Benegas Lynch: \u00abAnuncio con gran placer que Javier Milei recibir\u00e1 el Premio 2024 por el Instituto Juan de Mariana que se le entregar\u00e1 en Madrid el 21 de junio\u00bb<\/p>\n<p>E..<\/p>\n","protected":false},"author":2,"featured_media":17830,"comment_status":"","ping_status":"","sticky":false,"template":"","format":"standard","meta":{"footnotes":""},"categories":[12],"tags":[],"_links":{"self":[{"href":"https:\/\/maxradio923.com.ar\/index.php\/wp-json\/wp\/v2\/posts\/17829"}],"collection":[{"href":"https:\/\/maxradio923.com.ar\/index.php\/wp-json\/wp\/v2\/posts"}],"about":[{"href":"https:\/\/maxradio923.com.ar\/index.php\/wp-json\/wp\/v2\/types\/post"}],"author":[{"embeddable":true,"href":"https:\/\/maxradio923.com.ar\/index.php\/wp-json\/wp\/v2\/users\/2"}],"replies":[{"embeddable":true,"href":"https:\/\/maxradio923.com.ar\/index.php\/wp-json\/wp\/v2\/comments?post=17829"}],"version-history":[{"count":0,"href":"https:\/\/maxradio923.com.ar\/index.php\/wp-json\/wp\/v2\/posts\/17829\/revisions"}],"wp:featuredmedia":[{"embeddable":true,"href":"https:\/\/maxradio923.com.ar\/index.php\/wp-json\/wp\/v2\/media\/17830"}],"wp:attachment":[{"href":"https:\/\/maxradio923.com.ar\/index.php\/wp-json\/wp\/v2\/media?parent=17829"}],"wp:term":[{"taxonomy":"category","embeddable":true,"href":"https:\/\/maxradio923.com.ar\/index.php\/wp-json\/wp\/v2\/categories?post=17829"},{"taxonomy":"post_tag","embeddable":true,"href":"https:\/\/maxradio923.com.ar\/index.php\/wp-json\/wp\/v2\/tags?post=17829"}],"curies":[{"name":"wp","href":"https:\/\/api.w.org\/{rel}","templated":true}]}}