{"id":17805,"date":"2024-02-16T09:13:56","date_gmt":"2024-02-16T12:13:56","guid":{"rendered":"https:\/\/maxradio923.com.ar\/index.php\/2024\/02\/16\/nuevamente-un-fin-de-semana-en-san-juan-cargado-de-propuestas-culturales\/"},"modified":"2024-02-16T09:13:56","modified_gmt":"2024-02-16T12:13:56","slug":"nuevamente-un-fin-de-semana-en-san-juan-cargado-de-propuestas-culturales","status":"publish","type":"post","link":"https:\/\/maxradio923.com.ar\/index.php\/2024\/02\/16\/nuevamente-un-fin-de-semana-en-san-juan-cargado-de-propuestas-culturales\/","title":{"rendered":"Nuevamente un fin de semana en San Juan cargado de Propuestas culturales"},"content":{"rendered":"<p><img decoding=\"async\" src=\"https:\/\/diariod3.com\/wp-content\/uploads\/2024\/02\/feria.jpg\"\/> El Ministerio de Turismo, Cultura y Deporte, invita a participar de variados eventos para todos los gustos.     <img decoding=\"async\" src=\"https:\/\/sisanjuan.b-cdn.net\/media\/k2\/items\/cache\/e6f628a600b620cfa4a68bca1a0171d4_L.jpg\" alt=\"Propuestas culturales para realizar durante el fin de semana en San Juan\"\/>    <\/p>\n<p>El Ministerio de Turismo, Cultura y Deporte invita a ser parte de eventos culturales para todos los gustos, a partir de este jueves 15 de febrero. Algunos son parte de los espacios culturales del ministerio, otros cuentan con la colaboraci\u00f3n del \u00e1rea.<\/p>\n<p>Para empezar, este jueves y viernes, el Centro Cultural Conte Grand abre sus puertas para dos emocionantes pr\u00e1cticas p\u00fablicas de baile. El 15 de febrero, inicia la experiencia con Expansi\u00f3n Hip-Hop, una clase magistral dirigida por Leonardo Robledo y \u00abTronquito\u00bb. El primer Jam est\u00e1 programado de 18 a 22 horas. Por otro lado, el viernes 16, de 18 a 20 horas, ser\u00e1 el turno para la primera pr\u00e1ctica p\u00fablica de Folklore Queer. Ambas propuestas no requieren inscripci\u00f3n previa y son de acceso libre y gratuito.<\/p>\n<p>Por otro lado, el s\u00e1bado 17, los jardines del Anfiteatro Buenaventura Luna, del Complejo Auditorio Juan Victoria, se transforman en un espacio para la creatividad con la Feria de dise\u00f1o \u201cLa Lolita\u201d, inaugurando as\u00ed el primer encuentro del a\u00f1o. La cita es desde las 19.<\/p>\n<p>Adem\u00e1s, el Chalet Cantoni, \u00abCasa Cultural\u00bb, dar\u00e1 inicio a su a\u00f1o de actividades con la majestuosa actuaci\u00f3n de la Camerata San Juan, acompa\u00f1ada de food trucks, DJ y proyecciones. La cita es el viernes 16, a partir de las 21:00 horas.<\/p>\n<p>En Calingasta, los d\u00edas 16 y 17 se celebra el D\u00eda de los Enamorados con un festival vibrante. El viernes, en el Anfiteatro Cerro Colorados, Labriegos, Los Legales, Jorge Roco, Canto del Alma y Canta Puchuzum se presentar\u00e1n para deleitar al p\u00fablico. El s\u00e1bado, es el turno de Inti-Huama, Andr\u00e9s Canto, Campedrinos, Saypa, \u00c1lvaro Torres y Mariano Contreras. Las entradas para ambos d\u00edas tienen un costo de 2500 pesos.<\/p>\n<p>La entrada Nuevamente un fin de semana en San Juan cargado de Propuestas culturales se public\u00f3 primero en DIARIO D3 NOTICIAS | SAN JUAN ARGENTINA.<\/p>\n","protected":false},"excerpt":{"rendered":"<p>El Ministerio de Turismo, Cultura y Deporte, invita a participar de variados eventos para todos los gustos. El Ministerio de Turismo, Cultura y Deporte invita a ser parte de eventos culturales para todos los gustos, a partir de este jueves 15 de febrero. Algunos son parte de los espacios culturales del ministerio, otros cuentan con la colaboraci\u00f3n del \u00e1rea.<br \/>\n Para empezar, este jueves y viernes, el Centro Cultural Conte Grand abre sus puertas para dos emocionantes pr\u00e1cticas p\u00fablicas de baile. El 15 de febrero, inicia la experiencia con Expansi\u00f3n Hip-Hop, una clase magistral dirigida por Leonardo Robledo y \u00abTronquito\u00bb. El primer Jam est\u00e1 programado de 18 a 22 horas. Por otro lado, el viernes 16, de 18 a 20 horas, ser\u00e1 el turno para la primera pr\u00e1ctica p\u00fablica de Folklore Queer. Ambas propuestas no requieren inscripci\u00f3n previa y son de acceso libre y gratuito.<br \/>\n Por otro lado, el s\u00e1bado 17, los jardines del Anfiteatro Buenaventura Luna, del Complejo Auditorio Juan Victoria, se transforman ..<\/p>\n","protected":false},"author":2,"featured_media":17806,"comment_status":"","ping_status":"","sticky":false,"template":"","format":"standard","meta":{"footnotes":""},"categories":[10],"tags":[],"_links":{"self":[{"href":"https:\/\/maxradio923.com.ar\/index.php\/wp-json\/wp\/v2\/posts\/17805"}],"collection":[{"href":"https:\/\/maxradio923.com.ar\/index.php\/wp-json\/wp\/v2\/posts"}],"about":[{"href":"https:\/\/maxradio923.com.ar\/index.php\/wp-json\/wp\/v2\/types\/post"}],"author":[{"embeddable":true,"href":"https:\/\/maxradio923.com.ar\/index.php\/wp-json\/wp\/v2\/users\/2"}],"replies":[{"embeddable":true,"href":"https:\/\/maxradio923.com.ar\/index.php\/wp-json\/wp\/v2\/comments?post=17805"}],"version-history":[{"count":0,"href":"https:\/\/maxradio923.com.ar\/index.php\/wp-json\/wp\/v2\/posts\/17805\/revisions"}],"wp:featuredmedia":[{"embeddable":true,"href":"https:\/\/maxradio923.com.ar\/index.php\/wp-json\/wp\/v2\/media\/17806"}],"wp:attachment":[{"href":"https:\/\/maxradio923.com.ar\/index.php\/wp-json\/wp\/v2\/media?parent=17805"}],"wp:term":[{"taxonomy":"category","embeddable":true,"href":"https:\/\/maxradio923.com.ar\/index.php\/wp-json\/wp\/v2\/categories?post=17805"},{"taxonomy":"post_tag","embeddable":true,"href":"https:\/\/maxradio923.com.ar\/index.php\/wp-json\/wp\/v2\/tags?post=17805"}],"curies":[{"name":"wp","href":"https:\/\/api.w.org\/{rel}","templated":true}]}}