{"id":17801,"date":"2024-02-15T13:12:52","date_gmt":"2024-02-15T16:12:52","guid":{"rendered":"https:\/\/maxradio923.com.ar\/index.php\/2024\/02\/15\/llegan-a-san-juan-baglietto-vitale-y-lizarazu-a-presentan-simbolo-de-paz\/"},"modified":"2024-02-15T13:12:52","modified_gmt":"2024-02-15T16:12:52","slug":"llegan-a-san-juan-baglietto-vitale-y-lizarazu-a-presentan-simbolo-de-paz","status":"publish","type":"post","link":"https:\/\/maxradio923.com.ar\/index.php\/2024\/02\/15\/llegan-a-san-juan-baglietto-vitale-y-lizarazu-a-presentan-simbolo-de-paz\/","title":{"rendered":"Llegan a San Juan: Baglietto, Vitale y Lizarazu a presentan \u00abS\u00edmbolo de paz\u00bb"},"content":{"rendered":"<p><img decoding=\"async\" src=\"https:\/\/diariod3.com\/wp-content\/uploads\/2024\/02\/436325w850h567c.jpg.webp\"\/> El m\u00edtico tr\u00edo se une en un imperdible espect\u00e1culo en la Sala Principal del Teatro del Bicentenario, el 15 de marzo. Entradas a la venta.     <img decoding=\"async\" src=\"https:\/\/sisanjuan.b-cdn.net\/media\/k2\/items\/cache\/f97416722213d9fce2e04a73b9cf58df_L.jpg\" alt=\"Baglietto, Vitale y Lizarazu presentan &quot;S\u00edmbolo de paz&quot;\"\/>    <\/p>\n<p>El Ministerio de Turismo , Cultura y Deporte, a trav\u00e9s del Teatro del Bicentenario, presenta \u201cS\u00edmbolo de Paz\u201d, un espect\u00e1culo a cargo de Juan Carlos Baglietto, Lito Vitale e Hilda Lizarazu.<\/p>\n<p>Juan y Lito ya son una dupla hist\u00f3rica, buceadores incansables de nuestra m\u00fasica, responsables de darle un nuevo color al tango y a diferentes cl\u00e1sicos del folclore argentino en \u00e1lbumes exquisitos como \u00abPostales del alma\u00bb o \u00abNo olvides\u2026\u00bb, entre otros. Hoy buscan sumergirse en la m\u00fasica que los nutri\u00f3 en la adolescencia, que es el rock argentino a trav\u00e9s de su pr\u00f3ximo \u00e1lbum, \u00abBaglietto Vitale Ahora, Rock\u00bb.<\/p>\n<p>Hilda Lizarazu, un emblema del rock nacional, completa el tr\u00edo para compartir con el p\u00fablico sanjuanino los cl\u00e1sicos (junto a su compa\u00f1ero Federico Melioli) adem\u00e1s de un adelanto de su nuevo \u00e1lbum \u201cHilda canta Charly\u201d, cuyo nombre ya nos adelanta de qu\u00e9 va el proyecto.<\/p>\n<p>El espect\u00e1culo revive la esencia de la genial canci\u00f3n de Charly que describe la b\u00fasqueda incansable hacia un s\u00edmbolo de paz, a trav\u00e9s de un camino basado en lo sensible, lo emotivo y lo espiritual.<\/p>\n<p>En escena, los grandes del g\u00e9nero estar\u00e1n acompa\u00f1ados por sus hijos, Juli\u00e1n Baglietto en bater\u00eda y Jano Vitale en bajo, sumando un ensamble de saxo, trompeta y tromb\u00f3n.<br \/>Algunos cl\u00e1sicos como \u00abCanci\u00f3n de Alicia en el Pa\u00eds\u00bb o \u00abDespi\u00e9rtate nena\u00bb formar\u00e1n parte del prometedor repertorio.<\/p>\n<p>Baglietto, Vitale y Lizarazu invitan al p\u00fablico a recordar y resignificar junto a ellos los grandes cl\u00e1sicos que nacieron como grito de libertad.<\/p>\n<p>En esta ocasi\u00f3n, la apertura estar\u00e1 a cargo de la banda sanjuanina Mazunte.<\/p>\n<p>\u201cS\u00edmbolo de paz\u201d abre la octava temporada del Teatro del Bicentenario el pr\u00f3ximo viernes 15 de marzo, a las 22 hs. Las entradas desde $15 mil estar\u00e1n disponibles en Boleter\u00eda del TB de lunes a s\u00e1bado, de 10 a 14hs. Tambi\u00e9n pueden adquirirse on line a trav\u00e9s de TuEntrada.com.<\/p>\n<p>La entrada Llegan a San Juan: Baglietto, Vitale y Lizarazu a presentan \u00abS\u00edmbolo de paz\u00bb se public\u00f3 primero en DIARIO D3 NOTICIAS | SAN JUAN ARGENTINA.<\/p>\n","protected":false},"excerpt":{"rendered":"<p>El m\u00edtico tr\u00edo se une en un imperdible espect\u00e1culo en la Sala Principal del Teatro del Bicentenario, el 15 de marzo. Entradas a la venta. El Ministerio de Turismo , Cultura y Deporte, a trav\u00e9s del Teatro del Bicentenario, presenta \u201cS\u00edmbolo de Paz\u201d, un espect\u00e1culo a cargo de Juan Carlos Baglietto, Lito Vitale e Hilda Lizarazu.<br \/>\n Juan y Lito ya son una dupla hist\u00f3rica, buceadores incansables de nuestra m\u00fasica, responsables de darle un nuevo color al tango y a diferentes cl\u00e1sicos del folclore argentino en \u00e1lbumes exquisitos como \u00abPostales del alma\u00bb o \u00abNo olvides\u2026\u00bb, entre otros. Hoy buscan sumergirse en la m\u00fasica que los nutri\u00f3 en la adolescencia, que es el rock argentino a trav\u00e9s de su pr\u00f3ximo \u00e1lbum, \u00abBaglietto Vitale Ahora, Rock\u00bb.<br \/>\n Hilda Lizarazu, un emblema del rock nacional, completa el tr\u00edo para compartir con el p\u00fablico sanjuanino los cl\u00e1sicos (junto a su compa\u00f1ero Federico Melioli) adem\u00e1s de un adelanto de su nuevo \u00e1lbum \u201cHilda canta Charly\u201d, cuyo nombre ya nos adelanta de qu\u00e9 va el p..<\/p>\n","protected":false},"author":2,"featured_media":17802,"comment_status":"","ping_status":"","sticky":false,"template":"","format":"standard","meta":{"footnotes":""},"categories":[10],"tags":[],"_links":{"self":[{"href":"https:\/\/maxradio923.com.ar\/index.php\/wp-json\/wp\/v2\/posts\/17801"}],"collection":[{"href":"https:\/\/maxradio923.com.ar\/index.php\/wp-json\/wp\/v2\/posts"}],"about":[{"href":"https:\/\/maxradio923.com.ar\/index.php\/wp-json\/wp\/v2\/types\/post"}],"author":[{"embeddable":true,"href":"https:\/\/maxradio923.com.ar\/index.php\/wp-json\/wp\/v2\/users\/2"}],"replies":[{"embeddable":true,"href":"https:\/\/maxradio923.com.ar\/index.php\/wp-json\/wp\/v2\/comments?post=17801"}],"version-history":[{"count":0,"href":"https:\/\/maxradio923.com.ar\/index.php\/wp-json\/wp\/v2\/posts\/17801\/revisions"}],"wp:featuredmedia":[{"embeddable":true,"href":"https:\/\/maxradio923.com.ar\/index.php\/wp-json\/wp\/v2\/media\/17802"}],"wp:attachment":[{"href":"https:\/\/maxradio923.com.ar\/index.php\/wp-json\/wp\/v2\/media?parent=17801"}],"wp:term":[{"taxonomy":"category","embeddable":true,"href":"https:\/\/maxradio923.com.ar\/index.php\/wp-json\/wp\/v2\/categories?post=17801"},{"taxonomy":"post_tag","embeddable":true,"href":"https:\/\/maxradio923.com.ar\/index.php\/wp-json\/wp\/v2\/tags?post=17801"}],"curies":[{"name":"wp","href":"https:\/\/api.w.org\/{rel}","templated":true}]}}