{"id":17797,"date":"2024-02-15T13:12:07","date_gmt":"2024-02-15T16:12:07","guid":{"rendered":"https:\/\/maxradio923.com.ar\/index.php\/2024\/02\/15\/con-un-deficit-gigante-y-decenas-de-irregularidades-la-empresa-estatal-de-carbon-de-rio-turbio-busca-escapar-de-la-motosierra-de-milei\/"},"modified":"2024-02-15T13:12:07","modified_gmt":"2024-02-15T16:12:07","slug":"con-un-deficit-gigante-y-decenas-de-irregularidades-la-empresa-estatal-de-carbon-de-rio-turbio-busca-escapar-de-la-motosierra-de-milei","status":"publish","type":"post","link":"https:\/\/maxradio923.com.ar\/index.php\/2024\/02\/15\/con-un-deficit-gigante-y-decenas-de-irregularidades-la-empresa-estatal-de-carbon-de-rio-turbio-busca-escapar-de-la-motosierra-de-milei\/","title":{"rendered":"Con un d\u00e9ficit gigante y decenas de irregularidades, la empresa estatal de carb\u00f3n de R\u00edo Turbio busca escapar de la motosierra de Milei"},"content":{"rendered":"<p><img decoding=\"async\" alt=\"La mina de Yacimientos Carbon\u00edferos R\u00edo Turbio retom\u00f3 su producci\u00f3n. \/ YCRT\" src=\"https:\/\/www.clarin.com\/img\/2019\/04\/22\/tZUO3Ok2q_720x0__1.jpg\"\/>La mina de Yacimientos Carbon\u00edferos R\u00edo Turbio retom\u00f3 su producci\u00f3n. \/ YCRT<img decoding=\"async\" alt=\"La mina de YCRT retom\u00f3 su producci\u00f3n. \/ \" src=\"https:\/\/www.clarin.com\/img\/2019\/04\/22\/WgDlUSMKk_720x0__1.jpg\"\/>La mina de YCRT retom\u00f3 su producci\u00f3n. \/ <img decoding=\"async\" alt=\"YCRT entre el d\u00e9ficit operativo y el desaf\u00edo de producir carb\u00f3n.\" src=\"https:\/\/www.clarin.com\/img\/2019\/04\/22\/HaJ0j0qEN_720x0__1.jpg\"\/>YCRT entre el d\u00e9ficit operativo y el desaf\u00edo de producir carb\u00f3n.<img decoding=\"async\" alt=\"YCRT est\u00e1 sacando 550 toneladas diarias, pero deber\u00eda superar las 4.000 toneladas por d\u00eda.\" src=\"https:\/\/www.clarin.com\/img\/2019\/04\/22\/b3hwahDwy_720x0__1.jpg\"\/>YCRT est\u00e1 sacando 550 toneladas diarias, pero deber\u00eda superar las 4.000 toneladas por d\u00eda.<img decoding=\"async\" alt=\"YCRT busca incrementar la exportaci\u00f3n de carb\u00f3n.\" src=\"https:\/\/www.clarin.com\/img\/2019\/04\/22\/gRw6MXSl-_720x0__1.jpg\"\/>YCRT busca incrementar la exportaci\u00f3n de carb\u00f3n.<\/p>\n","protected":false},"excerpt":{"rendered":"<p>La mina de Yacimientos Carbon\u00edferos R\u00edo Turbio retom\u00f3 su producci\u00f3n. \/ YCRTLa mina de YCRT retom\u00f3 su producci\u00f3n. \/ YCRT entre el d\u00e9ficit operativo y el desaf\u00edo de producir carb\u00f3n.YCRT est\u00e1 sacando 550 toneladas diarias, pero deber\u00eda superar las 4.000 toneladas por d\u00eda.YCRT busca incrementar la exportaci\u00f3n de carb\u00f3n.<\/p>\n","protected":false},"author":2,"featured_media":17798,"comment_status":"","ping_status":"","sticky":false,"template":"","format":"standard","meta":{"footnotes":""},"categories":[7],"tags":[],"_links":{"self":[{"href":"https:\/\/maxradio923.com.ar\/index.php\/wp-json\/wp\/v2\/posts\/17797"}],"collection":[{"href":"https:\/\/maxradio923.com.ar\/index.php\/wp-json\/wp\/v2\/posts"}],"about":[{"href":"https:\/\/maxradio923.com.ar\/index.php\/wp-json\/wp\/v2\/types\/post"}],"author":[{"embeddable":true,"href":"https:\/\/maxradio923.com.ar\/index.php\/wp-json\/wp\/v2\/users\/2"}],"replies":[{"embeddable":true,"href":"https:\/\/maxradio923.com.ar\/index.php\/wp-json\/wp\/v2\/comments?post=17797"}],"version-history":[{"count":0,"href":"https:\/\/maxradio923.com.ar\/index.php\/wp-json\/wp\/v2\/posts\/17797\/revisions"}],"wp:featuredmedia":[{"embeddable":true,"href":"https:\/\/maxradio923.com.ar\/index.php\/wp-json\/wp\/v2\/media\/17798"}],"wp:attachment":[{"href":"https:\/\/maxradio923.com.ar\/index.php\/wp-json\/wp\/v2\/media?parent=17797"}],"wp:term":[{"taxonomy":"category","embeddable":true,"href":"https:\/\/maxradio923.com.ar\/index.php\/wp-json\/wp\/v2\/categories?post=17797"},{"taxonomy":"post_tag","embeddable":true,"href":"https:\/\/maxradio923.com.ar\/index.php\/wp-json\/wp\/v2\/tags?post=17797"}],"curies":[{"name":"wp","href":"https:\/\/api.w.org\/{rel}","templated":true}]}}