{"id":17787,"date":"2024-02-15T13:10:31","date_gmt":"2024-02-15T16:10:31","guid":{"rendered":"https:\/\/maxradio923.com.ar\/index.php\/2024\/02\/15\/presentan-denuncia-penal-contra-el-presidente-milei-en-comodoro-py\/"},"modified":"2024-02-15T13:10:31","modified_gmt":"2024-02-15T16:10:31","slug":"presentan-denuncia-penal-contra-el-presidente-milei-en-comodoro-py","status":"publish","type":"post","link":"https:\/\/maxradio923.com.ar\/index.php\/2024\/02\/15\/presentan-denuncia-penal-contra-el-presidente-milei-en-comodoro-py\/","title":{"rendered":"Presentan denuncia penal contra el presidente Milei en Comodoro Py"},"content":{"rendered":"<p><img decoding=\"async\" src=\"https:\/\/diariod3.com\/wp-content\/uploads\/2024\/02\/387_1429119107jpg.webp\"\/><\/p>\n<p>La misma est\u00e1 relacionada con una publicaci\u00f3n que el mandatario realiz\u00f3 en redes sociales en la que mencionaba al dirigente social, Eduardo Belliboni.<\/p>\n<p><a href=\"https:\/\/media.sanjuan8.com\/p\/276e9d3034f5e1ac3b09696e7f8a97ca\/adjuntos\/303\/imagenes\/009\/294\/0009294932\/1200x0\/smart\/387_1429119107jpg.jpg\" rel=\"noreferrer noopener\" target=\"_blank\"><img decoding=\"async\" title=\"Presentan denuncia penal contra el presidente Milei en Comodoro Py\" src=\"https:\/\/media.sanjuan8.com\/p\/276e9d3034f5e1ac3b09696e7f8a97ca\/adjuntos\/303\/imagenes\/009\/294\/0009294932\/1200x0\/smart\/387_1429119107jpg.jpg\" alt=\"Presentan denuncia penal contra el presidente Milei en Comodoro Py\"\/><\/a><\/p>\n<p>El l\u00edder del Polo Obrero (PO), Eduardo Belliboni, presentar\u00e1 hoy en los tribunales de Comodoro Py una denuncia penal contra el presidente Javier Milei, en relaci\u00f3n a una publicaci\u00f3n que el mandatario realiz\u00f3 en redes sociales en la que mencionaba al dirigente social.<\/p>\n<p>Seg\u00fan inform\u00f3 anoche el propio Belliboni en sus redes sociales, la denuncia ser\u00e1 presentada a las 10 en los tribunales de Comodoro Py.<\/p>\n<p>El s\u00e1bado, Belliboni hab\u00eda enviado una carta documento al presidente Milei para que \u00abratifique o rectifique las amenazas\u00bb contra su persona en una publicaci\u00f3n que realiz\u00f3 a trav\u00e9s de su cuenta de Instagram, y hab\u00eda adelantado que si no ten\u00eda respuesta iniciar\u00eda acciones legales.<\/p>\n<p>La entrada <a href=\"https:\/\/diariod3.com\/presentan-denuncia-penal-contra-el-presidente-milei-en-comodoro-py\/\" rel=\"noreferrer noopener\" target=\"_blank\">Presentan denuncia penal contra el presidente Milei en Comodoro Py<\/a> se public\u00f3 primero en <a href=\"https:\/\/diariod3.com\/\" rel=\"noreferrer noopener\" target=\"_blank\">DIARIO D3 NOTICIAS | SAN JUAN ARGENTINA<\/a>.<\/p>\n","protected":false},"excerpt":{"rendered":"<p>La misma est\u00e1 relacionada con una publicaci\u00f3n que el mandatario realiz\u00f3 en redes sociales en la que mencionaba al dirigente social, Eduardo Belliboni.<\/p>\n<p>El l\u00edder del Polo Obrero (PO), Eduardo Belliboni, presentar\u00e1 hoy en los tribunales de Comodoro Py una denuncia penal contra el presidente Javier Milei, en relaci\u00f3n a una publicaci\u00f3n que el mandatario realiz\u00f3 en redes sociales en la que mencionaba al dirigente social.<\/p>\n<p>Seg\u00fan inform\u00f3 anoche el propio Belliboni en sus redes sociales, la denuncia ser\u00e1 presentada a las 10 en los tribunales de Comodoro Py.<\/p>\n<p>El s\u00e1bado, Belliboni hab\u00eda enviado una carta documento al presidente Milei para que \u00abratifique o rectifique las amenazas\u00bb contra su persona en una publicaci\u00f3n que realiz\u00f3 a trav\u00e9s de su cuenta de Instagram, y hab\u00eda adelantado que si no ten\u00eda respuesta iniciar\u00eda acciones legales.<\/p>\n<p>La entrada Presentan denuncia penal contra el presidente Milei en Comodoro Py se public\u00f3 primero en DIARIO D3 NOTICIAS | SAN JUAN ARGENTINA.<\/p>\n","protected":false},"author":2,"featured_media":17788,"comment_status":"","ping_status":"","sticky":false,"template":"","format":"standard","meta":{"footnotes":""},"categories":[12],"tags":[],"_links":{"self":[{"href":"https:\/\/maxradio923.com.ar\/index.php\/wp-json\/wp\/v2\/posts\/17787"}],"collection":[{"href":"https:\/\/maxradio923.com.ar\/index.php\/wp-json\/wp\/v2\/posts"}],"about":[{"href":"https:\/\/maxradio923.com.ar\/index.php\/wp-json\/wp\/v2\/types\/post"}],"author":[{"embeddable":true,"href":"https:\/\/maxradio923.com.ar\/index.php\/wp-json\/wp\/v2\/users\/2"}],"replies":[{"embeddable":true,"href":"https:\/\/maxradio923.com.ar\/index.php\/wp-json\/wp\/v2\/comments?post=17787"}],"version-history":[{"count":0,"href":"https:\/\/maxradio923.com.ar\/index.php\/wp-json\/wp\/v2\/posts\/17787\/revisions"}],"wp:featuredmedia":[{"embeddable":true,"href":"https:\/\/maxradio923.com.ar\/index.php\/wp-json\/wp\/v2\/media\/17788"}],"wp:attachment":[{"href":"https:\/\/maxradio923.com.ar\/index.php\/wp-json\/wp\/v2\/media?parent=17787"}],"wp:term":[{"taxonomy":"category","embeddable":true,"href":"https:\/\/maxradio923.com.ar\/index.php\/wp-json\/wp\/v2\/categories?post=17787"},{"taxonomy":"post_tag","embeddable":true,"href":"https:\/\/maxradio923.com.ar\/index.php\/wp-json\/wp\/v2\/tags?post=17787"}],"curies":[{"name":"wp","href":"https:\/\/api.w.org\/{rel}","templated":true}]}}