{"id":17777,"date":"2024-02-15T13:05:04","date_gmt":"2024-02-15T16:05:04","guid":{"rendered":"https:\/\/maxradio923.com.ar\/index.php\/2024\/02\/15\/papa-corto-con-un-cuchillo-a-mama-una-mujer-esta-desaparecida-hace-13-dias-y-detuvieron-a-su-pareja-por-femicidio\/"},"modified":"2024-02-15T13:05:04","modified_gmt":"2024-02-15T16:05:04","slug":"papa-corto-con-un-cuchillo-a-mama-una-mujer-esta-desaparecida-hace-13-dias-y-detuvieron-a-su-pareja-por-femicidio","status":"publish","type":"post","link":"https:\/\/maxradio923.com.ar\/index.php\/2024\/02\/15\/papa-corto-con-un-cuchillo-a-mama-una-mujer-esta-desaparecida-hace-13-dias-y-detuvieron-a-su-pareja-por-femicidio\/","title":{"rendered":"&#8220;Pap\u00e1 cort\u00f3 con un cuchillo a mam\u00e1&#8221;: una mujer est\u00e1 desaparecida hace 13 d\u00edas y detuvieron a su pareja por femicidio"},"content":{"rendered":"<p><img decoding=\"async\" alt=\"Yohana Zamorano, la mujer desaparecida en Merlo. Foto Facebook\" src=\"https:\/\/www.clarin.com\/img\/2024\/02\/13\/RuchdJZvs_720x0__1.jpg\"\/>Yohana Zamorano, la mujer desaparecida en Merlo. Foto Facebook<img decoding=\"async\" alt=\"Yohana Zamorano, la mujer desaparecida en Merlo. Foto Facebook\" src=\"https:\/\/www.clarin.com\/img\/2024\/02\/13\/LN_7rO5j0_720x0__1.jpg\"\/>Yohana Zamorano, la mujer desaparecida en Merlo. Foto Facebook<\/p>\n","protected":false},"excerpt":{"rendered":"<p>Yohana Zamorano, la mujer desaparecida en Merlo. Foto FacebookYohana Zamorano, la mujer desaparecida en Merlo. Foto Facebook<\/p>\n","protected":false},"author":2,"featured_media":17778,"comment_status":"","ping_status":"","sticky":false,"template":"","format":"standard","meta":{"footnotes":""},"categories":[6],"tags":[],"_links":{"self":[{"href":"https:\/\/maxradio923.com.ar\/index.php\/wp-json\/wp\/v2\/posts\/17777"}],"collection":[{"href":"https:\/\/maxradio923.com.ar\/index.php\/wp-json\/wp\/v2\/posts"}],"about":[{"href":"https:\/\/maxradio923.com.ar\/index.php\/wp-json\/wp\/v2\/types\/post"}],"author":[{"embeddable":true,"href":"https:\/\/maxradio923.com.ar\/index.php\/wp-json\/wp\/v2\/users\/2"}],"replies":[{"embeddable":true,"href":"https:\/\/maxradio923.com.ar\/index.php\/wp-json\/wp\/v2\/comments?post=17777"}],"version-history":[{"count":0,"href":"https:\/\/maxradio923.com.ar\/index.php\/wp-json\/wp\/v2\/posts\/17777\/revisions"}],"wp:featuredmedia":[{"embeddable":true,"href":"https:\/\/maxradio923.com.ar\/index.php\/wp-json\/wp\/v2\/media\/17778"}],"wp:attachment":[{"href":"https:\/\/maxradio923.com.ar\/index.php\/wp-json\/wp\/v2\/media?parent=17777"}],"wp:term":[{"taxonomy":"category","embeddable":true,"href":"https:\/\/maxradio923.com.ar\/index.php\/wp-json\/wp\/v2\/categories?post=17777"},{"taxonomy":"post_tag","embeddable":true,"href":"https:\/\/maxradio923.com.ar\/index.php\/wp-json\/wp\/v2\/tags?post=17777"}],"curies":[{"name":"wp","href":"https:\/\/api.w.org\/{rel}","templated":true}]}}