{"id":17775,"date":"2024-02-15T13:00:34","date_gmt":"2024-02-15T16:00:34","guid":{"rendered":"https:\/\/maxradio923.com.ar\/index.php\/2024\/02\/15\/en-medio-de-la-pelea-de-javier-milei-con-los-gobernadores-rio-negro-y-neuquen-intimaron-al-gobierno-por-las-concesiones-hidroelectricas\/"},"modified":"2024-02-15T13:00:34","modified_gmt":"2024-02-15T16:00:34","slug":"en-medio-de-la-pelea-de-javier-milei-con-los-gobernadores-rio-negro-y-neuquen-intimaron-al-gobierno-por-las-concesiones-hidroelectricas","status":"publish","type":"post","link":"https:\/\/maxradio923.com.ar\/index.php\/2024\/02\/15\/en-medio-de-la-pelea-de-javier-milei-con-los-gobernadores-rio-negro-y-neuquen-intimaron-al-gobierno-por-las-concesiones-hidroelectricas\/","title":{"rendered":"En medio de la pelea de Javier Milei con los gobernadores, R\u00edo Negro y Neuqu\u00e9n intimaron al Gobierno por las concesiones hidroel\u00e9ctricas"},"content":{"rendered":"<ul>\n<li>Se trata de una acci\u00f3n conjunta entre Alberto Weretilneck y Rolando Figueroa.<\/li>\n<li>Enviaron cartas documento y afirmaron que los recursos naturales &quot;son potestad de las provincias&quot;.<\/li>\n<\/ul>\n","protected":false},"excerpt":{"rendered":"<p>Se trata de una acci\u00f3n conjunta entre Alberto Weretilneck y Rolando Figueroa.Enviaron cartas documento y afirmaron que los recursos naturales &#8220;son potestad de las provincias&#8221;.<\/p>\n","protected":false},"author":2,"featured_media":17776,"comment_status":"","ping_status":"","sticky":false,"template":"","format":"standard","meta":{"footnotes":""},"categories":[2],"tags":[],"_links":{"self":[{"href":"https:\/\/maxradio923.com.ar\/index.php\/wp-json\/wp\/v2\/posts\/17775"}],"collection":[{"href":"https:\/\/maxradio923.com.ar\/index.php\/wp-json\/wp\/v2\/posts"}],"about":[{"href":"https:\/\/maxradio923.com.ar\/index.php\/wp-json\/wp\/v2\/types\/post"}],"author":[{"embeddable":true,"href":"https:\/\/maxradio923.com.ar\/index.php\/wp-json\/wp\/v2\/users\/2"}],"replies":[{"embeddable":true,"href":"https:\/\/maxradio923.com.ar\/index.php\/wp-json\/wp\/v2\/comments?post=17775"}],"version-history":[{"count":0,"href":"https:\/\/maxradio923.com.ar\/index.php\/wp-json\/wp\/v2\/posts\/17775\/revisions"}],"wp:featuredmedia":[{"embeddable":true,"href":"https:\/\/maxradio923.com.ar\/index.php\/wp-json\/wp\/v2\/media\/17776"}],"wp:attachment":[{"href":"https:\/\/maxradio923.com.ar\/index.php\/wp-json\/wp\/v2\/media?parent=17775"}],"wp:term":[{"taxonomy":"category","embeddable":true,"href":"https:\/\/maxradio923.com.ar\/index.php\/wp-json\/wp\/v2\/categories?post=17775"},{"taxonomy":"post_tag","embeddable":true,"href":"https:\/\/maxradio923.com.ar\/index.php\/wp-json\/wp\/v2\/tags?post=17775"}],"curies":[{"name":"wp","href":"https:\/\/api.w.org\/{rel}","templated":true}]}}