{"id":17751,"date":"2024-02-15T09:24:45","date_gmt":"2024-02-15T12:24:45","guid":{"rendered":"https:\/\/maxradio923.com.ar\/index.php\/2024\/02\/15\/milei-aseguro-que-evito-una-hiperinflacion-que-hubiera-dejado-un-95-de-pobres\/"},"modified":"2024-02-15T09:24:45","modified_gmt":"2024-02-15T12:24:45","slug":"milei-aseguro-que-evito-una-hiperinflacion-que-hubiera-dejado-un-95-de-pobres","status":"publish","type":"post","link":"https:\/\/maxradio923.com.ar\/index.php\/2024\/02\/15\/milei-aseguro-que-evito-una-hiperinflacion-que-hubiera-dejado-un-95-de-pobres\/","title":{"rendered":"Milei asegur\u00f3 que evit\u00f3 una \u00abhiperinflaci\u00f3n\u00bb que hubiera dejado un \u00ab95% de pobres\u00bb"},"content":{"rendered":"<p><img decoding=\"async\" src=\"https:\/\/diariod3.com\/wp-content\/uploads\/2024\/02\/milei-3.jpg\"\/><\/p>\n<p>El Presidente consider\u00f3 que el retroceso del proyecto de ley \u00abBases\u00bb en el Congreso \u00abfue fabuloso\u00bb porque logr\u00f3 \u00abel objetivo\u00bb de desenmascarar a la pol\u00edtica. Remarc\u00f3 que que el cepo se levantar\u00e1 cuando se solucione d\u00e9ficit fiscal y se sanee el BCRA.<\/p>\n<figure><img decoding=\"async\" src=\"https:\/\/www.telam.com.ar\/thumbs\/bluesteel\/advf\/imagenes\/2024\/02\/65cd54f93024c_1200.jpg\" alt=\"Imagen captura de TV\"\/><figcaption>Imagen captura de TV.<\/figcaption><\/figure>\n<p>El presidente Javier Milei afirm\u00f3 que <strong>\u00abpara los traidores no hay t\u00e1bula rasa\u00bb<\/strong>, valor\u00f3 el retroceso del proyecto de ley Bases en el Congreso porque <strong>logr\u00f3 \u00abel objetivo\u00bb de desenmascarar a la pol\u00edtica y cuestion\u00f3 a algunos legisladores \u00abdelincuentes que se disfrazan de ovejas\u00bb<\/strong> y \u00abno quieren ceder sus privilegios\u00bb.<\/p>\n<p>El mandatario, en declaraciones a La Naci\u00f3n+, asegur\u00f3 que el retroceso del proyecto de ley Bases en el Congreso \u00abfue fabuloso\u00bb porque logr\u00f3 \u00abel objetivo\u00bb de desenmascarar a la pol\u00edtica.<\/p>\n<p>\u00abLa ley Bases no pas\u00f3 porque no les interesa, no quieren ceder sus privilegios\u00bb, subray\u00f3 y asegur\u00f3 que \u00abquer\u00eda ordenar el espectro pol\u00edtico para que la gente entienda qu\u00e9 vota\u00bb y as\u00ed desenmascarar \u00abque hay delincuentes que se disfrazan de ovejas y eran lobos\u00bb.<\/p>\n<p>En esta misma l\u00ednea, <strong>el mandatario advirti\u00f3 que en 2025 varios legisladores no lograr\u00e1n \u00abrenovar sus bancas\u00bb gracias a que el tratamiento de la ley Bases en el Congreso logr\u00f3 el \u00abobjetivo\u00bb de exponer a los diputados<\/strong> que \u00abdejaron los dedos sucios frente a la gente\u00bb y marc\u00f3 que \u00abfrente a tener una ley mala, prefiero no tener una ley\u00bb.<\/p>\n<p>Milei sostuvo que la ca\u00edda de la ley Bases tras su \u00abdesguace\u00bb en el Congreso sirvi\u00f3 para \u00abdemostrar qui\u00e9nes estaban a favor de la ideas de la libertad y qui\u00e9nes son los delincuentes\u00bb y advirti\u00f3 que como la \u00abgente detesta y desprecia a los pol\u00edticos\u00bb en la pr\u00f3xima elecci\u00f3n \u00abtodos ellos no renuevan m\u00e1s sus bancas\u00bb.<\/p>\n<blockquote>\n<p>\u00abLa ley Bases no pas\u00f3 porque no les interesa, no quieren ceder sus privilegios\u00bb<\/p>\n<\/blockquote>\n<p>Al ser consultado sobre <strong>el rol de la diputada y excandidata a gobernadora bonaerense por La Libertad Avanza (LLA),<\/strong> <strong>Carolina Piparo, indic\u00f3: \u00abPara los traidores no hay tabula rasa\u00bb<\/strong>.<\/p>\n<h2>La relaci\u00f3n con el PRO<\/h2>\n<p>Por otra parte, Milei afirm\u00f3 que<strong> \u00abva a haber una convergencia con el PRO\u00bb, aunque record\u00f3 que antes de las elecciones hab\u00eda dicho que \u00abel que gana, gobierna y el que pierde acompa\u00f1a\u00bb<\/strong>.<\/p>\n<p><strong>\u00abYo hablo con (el expresidente Mauricio) Macri y no me pide nada, las charlas con \u00e9l son maravillosas y me da su experiencia\u00bb<\/strong>, agreg\u00f3.<\/p>\n<p>Sobre la designaci\u00f3n del peronista<strong> Daniel Scioli <\/strong>a cargo de la Secretaria de Turismo, Ambiente y Deportes, consider\u00f3 que \u00abtiene una experiencia fenomenal, el trabajo lo conoce y hace muy bien, es amigo de Guillermo (Francos, ministro del Interior) y cada ministro tiene que poder elegir sus propios colaboradores\u00bb.<\/p>\n<h2>Las cr\u00edticas de Cristina Fern\u00e1ndez de Kirchner<\/h2>\n<p>Milei opin\u00f3 tambi\u00e9n <strong>sobre el documento escrito por la exvicepresidenta Cristina Fern\u00e1ndez de Kirchner<\/strong>, que \u00abpropone un modelo que es incorrecto y es la base de la decadencia argentina\u00bb y consider\u00f3 que la exmandataria \u00abes intelectualmente honesta\u00bb pero \u00abadhiere a una cosa que es una porquer\u00eda\u00bb.<\/p>\n<p>\u00abPara Cristina lo que genera la inflaci\u00f3n es la falta de d\u00f3lares y eso es de precariedad conceptual\u00bb, dijo.<\/p>\n<h3>\u00abPEGAMOS LA MEJOR\u00bb, DIJO MILEI SOBRE SU ENCUENTRO CON EL PAPA<\/h3>\n<p>El jefe de Estado coment\u00f3 sobre su viaje encuentro con el Papa Francisco en el Vaticano, sostuvo que \u00abpeg\u00f3 la mejor (onda)\u00bb con el papa Francisco y destac\u00f3 que el encuentro que ambos mantuvieron fue \u00abmaravilloso\u00bb.<\/p>\n<p>\u00abLo primero que hice fue pedirle disculpas por mis exabruptos del pasado\u00bb, destac\u00f3 y a\u00f1adi\u00f3 que le reiter\u00f3 al Sumo Pont\u00edfice la invitaci\u00f3n al pa\u00eds, aunque Jorge Bergoglio \u00abno contest\u00f3\u00bb.<\/p>\n<p>\u00abEl papa rompi\u00f3 el protocolo para venir a saludarme, yo no pod\u00eda creer lo que estaba pasando. En la reuni\u00f3n le describ\u00ed la herencia y las opciones que tenia de pol\u00edtica econ\u00f3mica. Pregunt\u00f3 por los vulnerables y le cont\u00e9 las medidas del ministerio de Capital Humano\u00bb, detall\u00f3.<\/p>\n<h2>La discusi\u00f3n con los gobernadores<\/h2>\n<p>El Jefe de Estado deslig\u00f3 al Gobierno nacional del conflicto salarial docente, al advertir que si los maestros \u00abno reciben lo que tienen que recibir es porque los gobernadores se est\u00e1n gastando la plata\u00bb.<\/p>\n<p>\u00ab\u00bfPor qu\u00e9 Naci\u00f3n tiene que estar financiado permanentemente?\u00bb, se pregunt\u00f3 Milei, y le propuso a los mandatarios provinciales que \u00abbajen los recitales\u00bb, en referencia a la reciente realizaci\u00f3n del Consqu\u00edn Rock en C\u00f3rdoba, entre otros gastos entre los que tambi\u00e9n incluy\u00f3 la \u00abpauta\u00bb oficial de esos distritos.<\/p>\n<h3>EL PRESIDENTE ASEGUR\u00d3 QUE EL CEPO SE LEVANTAR\u00c1 CUANDO SE SOLUCIONE D\u00c9FICIT FISCAL Y SE SANEE EL BCRA<\/h3>\n<p>Javier Milei afirm\u00f3 que \u00abel cepo cambiario se va a levantar una vez que se alcance el d\u00e9ficit fiscal cero\u00bb y se haya \u00abalcanzado un saneamiento del Banco Central\u00bb.<\/p>\n<p>El Jefe del Estado sostuvo que <strong>\u00abel d\u00e9ficit fiscal cero no se negocia y el saneamiento del Banco Central no se negocia, y una vez alcanzados esos dos objetivos, se levantar\u00e1n las restricciones cambiarias\u00bb<\/strong>.<\/p>\n<p><strong>\u00abUna vez que elimin\u00e1s el cepo, el exceso de demanda desaparece, cae la tasa de inter\u00e9s, se expande la actividad econ\u00f3mica, se expanden los salarios y la cantidad de pobres e indigentes caen\u00bb<\/strong>, precis\u00f3 el jefe de Estado.<\/p>\n<p>El mandatario explic\u00f3 las condiciones en las cuales recibi\u00f3 la administraci\u00f3n y se\u00f1al\u00f3 que lanz\u00f3 \u00abun plan hiperortodoxo con un proceso de saneamiento del Banco Central y un sinceramiento cambiario.<\/p>\n<p>\u00abHemos echado 50.000 empleados p\u00fablicos, bajamos transferencias discrecionales, eliminamos la obra p\u00fablica y eliminamos planes sociales truchos\u00bb, describi\u00f3.<\/p>\n<p>Milei enfatiz\u00f3 que \u00aben diciembre empez\u00f3 un proceso de desaceleraci\u00f3n de la inflaci\u00f3n, en enero ha dado 20% y hoy la inflaci\u00f3n de viajar al 50% mensual est\u00e1n en niveles de un 15% anual\u00bb.<\/p>\n<p>En ese sentido, digo que el n\u00famero de inflaci\u00f3n \u00abaislado parece horroroso\u00bb, pero pidi\u00f3 no olvidar \u00abla herencia\u00bb recibida, al referirse al \u00cdndice de Precios al Consumidor subi\u00f3 20,6% durante enero, 5 puntos porcentuales menos que el mes pasado.<\/p>\n<p>Al respecto, detall\u00f3: <strong>\u00abEn diciembre la inflaci\u00f3n viajaba a un ritmo del 15.000% anual. Nos dejaron plantada una hiperinflaci\u00f3n. Si segu\u00edamos as\u00ed, nos \u00edbamos a encontrar con un 95% de pobres\u00bb<\/strong>.<\/p>\n<p>\u00abLos problemas no se arreglan emitiendo dinero, no hay soluci\u00f3n inocua a la inflaci\u00f3n. S\u00f3lo si dej\u00e1s de emitir a la inflacion la vas a exterminar. El d\u00e9ficit fiscal no genera inflaci\u00f3n, es la emisi\u00f3n monetaria la que genera inflaci\u00f3n\u00bb, se\u00f1al\u00f3 el jefe del Estado.<\/p>\n<p>Respecto de una eventual dolarizaci\u00f3n de la econom\u00eda, Milei se inclin\u00f3 por la libertad de monedas \u00abdonde cada uno pueda elegir su moneda. Habr\u00e1 libre competencia de monedas, pero la gente parece inclinarse por el d\u00f3lar\u00bb.<\/p>\n<p>M\u00e1s adelante, Milei precis\u00f3: <strong>\u00abHasta ahora la base monetaria est\u00e1 clavada en 10 billones de pesos, hay que seguir trabajando sobre los pases y es necesaria una reforma del sistema financiero. Pero estamos a tiro de dolarizar. El Fondo Monetario Internacional (FMI) estima que podemos abrir el cepo a mitad de a\u00f1o. A\u00fan tenemos varias tareas por llevar adelante\u00bb<\/strong>.<\/p>\n<p>La entrada <a href=\"https:\/\/diariod3.com\/milei-aseguro-que-evito-una-hiperinflacion-que-hubiera-dejado-un-95-de-pobres\/\" rel=\"noreferrer noopener\" target=\"_blank\">Milei asegur\u00f3 que evit\u00f3 una \u00abhiperinflaci\u00f3n\u00bb que hubiera dejado un \u00ab95% de pobres\u00bb<\/a> se public\u00f3 primero en <a href=\"https:\/\/diariod3.com\/\" rel=\"noreferrer noopener\" target=\"_blank\">DIARIO D3 NOTICIAS | SAN JUAN ARGENTINA<\/a>.<\/p>\n","protected":false},"excerpt":{"rendered":"<p>El Presidente consider\u00f3 que el retroceso del proyecto de ley \u00abBases\u00bb en el Congreso \u00abfue fabuloso\u00bb porque logr\u00f3 \u00abel objetivo\u00bb de desenmascarar a la pol\u00edtica. Remarc\u00f3 que que el cepo se levantar\u00e1 cuando se solucione d\u00e9ficit fiscal y se sanee el BCRA.<\/p>\n<p>Imagen captura de TV.<br \/>\nEl presidente Javier Milei afirm\u00f3 que \u00abpara los traidores no hay t\u00e1bula rasa\u00bb, valor\u00f3 el retroceso del proyecto de ley Bases en el Congreso porque logr\u00f3 \u00abel objetivo\u00bb de desenmascarar a la pol\u00edtica y cuestion\u00f3 a algunos legisladores \u00abdelincuentes que se disfrazan de ovejas\u00bb y \u00abno quieren ceder sus privilegios\u00bb.<\/p>\n<p>El mandatario, en declaraciones a La Naci\u00f3n+, asegur\u00f3 que el retroceso del proyecto de ley Bases en el Congreso \u00abfue fabuloso\u00bb porque logr\u00f3 \u00abel objetivo\u00bb de desenmascarar a la pol\u00edtica.<\/p>\n<p>\u00abLa ley Bases no pas\u00f3 porque no les interesa, no quieren ceder sus privilegios\u00bb, subray\u00f3 y asegur\u00f3 que \u00abquer\u00eda ordenar el espectro pol\u00edtico para que la gente entienda qu\u00e9 vota\u00bb y as\u00ed desenmascarar \u00abque hay delincuentes que se ..<\/p>\n","protected":false},"author":2,"featured_media":17752,"comment_status":"","ping_status":"","sticky":false,"template":"","format":"standard","meta":{"footnotes":""},"categories":[12],"tags":[],"_links":{"self":[{"href":"https:\/\/maxradio923.com.ar\/index.php\/wp-json\/wp\/v2\/posts\/17751"}],"collection":[{"href":"https:\/\/maxradio923.com.ar\/index.php\/wp-json\/wp\/v2\/posts"}],"about":[{"href":"https:\/\/maxradio923.com.ar\/index.php\/wp-json\/wp\/v2\/types\/post"}],"author":[{"embeddable":true,"href":"https:\/\/maxradio923.com.ar\/index.php\/wp-json\/wp\/v2\/users\/2"}],"replies":[{"embeddable":true,"href":"https:\/\/maxradio923.com.ar\/index.php\/wp-json\/wp\/v2\/comments?post=17751"}],"version-history":[{"count":0,"href":"https:\/\/maxradio923.com.ar\/index.php\/wp-json\/wp\/v2\/posts\/17751\/revisions"}],"wp:featuredmedia":[{"embeddable":true,"href":"https:\/\/maxradio923.com.ar\/index.php\/wp-json\/wp\/v2\/media\/17752"}],"wp:attachment":[{"href":"https:\/\/maxradio923.com.ar\/index.php\/wp-json\/wp\/v2\/media?parent=17751"}],"wp:term":[{"taxonomy":"category","embeddable":true,"href":"https:\/\/maxradio923.com.ar\/index.php\/wp-json\/wp\/v2\/categories?post=17751"},{"taxonomy":"post_tag","embeddable":true,"href":"https:\/\/maxradio923.com.ar\/index.php\/wp-json\/wp\/v2\/tags?post=17751"}],"curies":[{"name":"wp","href":"https:\/\/api.w.org\/{rel}","templated":true}]}}