{"id":17743,"date":"2024-02-15T09:22:44","date_gmt":"2024-02-15T12:22:44","guid":{"rendered":"https:\/\/maxradio923.com.ar\/index.php\/2024\/02\/15\/elevan-a-juicio-la-megacausa-por-la-presunta-estafa-de-generacion-zoe-apuntan-a-leonardo-cositorto-y-otros-25-imputados-por-asociacion-ilicita\/"},"modified":"2024-02-15T09:22:44","modified_gmt":"2024-02-15T12:22:44","slug":"elevan-a-juicio-la-megacausa-por-la-presunta-estafa-de-generacion-zoe-apuntan-a-leonardo-cositorto-y-otros-25-imputados-por-asociacion-ilicita","status":"publish","type":"post","link":"https:\/\/maxradio923.com.ar\/index.php\/2024\/02\/15\/elevan-a-juicio-la-megacausa-por-la-presunta-estafa-de-generacion-zoe-apuntan-a-leonardo-cositorto-y-otros-25-imputados-por-asociacion-ilicita\/","title":{"rendered":"Elevan a juicio la megacausa por la presunta estafa de Generaci\u00f3n Zoe: apuntan a Leonardo Cositorto y otros 25 imputados por asociaci\u00f3n il\u00edcita"},"content":{"rendered":"<p><img decoding=\"async\" alt=\"Maximiliano Batista, vicepresidente de Generaci\u00f3n Zoe, junto a Leonardo Cositorto.\" src=\"https:\/\/www.clarin.com\/img\/2023\/09\/04\/v2EpM2nsA_720x0__1.jpg\"\/>Maximiliano Batista, vicepresidente de Generaci\u00f3n Zoe, junto a Leonardo Cositorto.<img decoding=\"async\" alt=\"Las oficinas de Generaci\u00f3n Zoe, en Villa Mar\u00eda.\" src=\"https:\/\/www.clarin.com\/img\/2022\/07\/22\/vJyDoECw-_720x0__1.jpg\"\/>Las oficinas de Generaci\u00f3n Zoe, en Villa Mar\u00eda.<img decoding=\"async\" alt=\"Claudio \u00c1lvarez, titular de las oficinas de Generaci\u00f3n Zoe de C\u00f3rdoba y Santa Fe\" src=\"https:\/\/www.clarin.com\/img\/2023\/10\/29\/6ObNlXcIT_720x0__1.jpg\"\/>Claudio \u00c1lvarez, titular de las oficinas de Generaci\u00f3n Zoe de C\u00f3rdoba y Santa Fe<img decoding=\"async\" alt=\"Cositorto, detenido, en su traslado a Buenos Aires. \" src=\"https:\/\/www.clarin.com\/img\/2022\/04\/19\/VdR5GoMmr_720x0__1.jpg\"\/>Cositorto, detenido, en su traslado a Buenos Aires.<\/p>\n","protected":false},"excerpt":{"rendered":"<p>Maximiliano Batista, vicepresidente de Generaci\u00f3n Zoe, junto a Leonardo Cositorto.Las oficinas de Generaci\u00f3n Zoe, en Villa Mar\u00eda.Claudio \u00c1lvarez, titular de las oficinas de Generaci\u00f3n Zoe de C\u00f3rdoba y Santa FeCositorto, detenido, en su traslado a Buenos Aires.<\/p>\n","protected":false},"author":2,"featured_media":17744,"comment_status":"","ping_status":"","sticky":false,"template":"","format":"standard","meta":{"footnotes":""},"categories":[6],"tags":[],"_links":{"self":[{"href":"https:\/\/maxradio923.com.ar\/index.php\/wp-json\/wp\/v2\/posts\/17743"}],"collection":[{"href":"https:\/\/maxradio923.com.ar\/index.php\/wp-json\/wp\/v2\/posts"}],"about":[{"href":"https:\/\/maxradio923.com.ar\/index.php\/wp-json\/wp\/v2\/types\/post"}],"author":[{"embeddable":true,"href":"https:\/\/maxradio923.com.ar\/index.php\/wp-json\/wp\/v2\/users\/2"}],"replies":[{"embeddable":true,"href":"https:\/\/maxradio923.com.ar\/index.php\/wp-json\/wp\/v2\/comments?post=17743"}],"version-history":[{"count":0,"href":"https:\/\/maxradio923.com.ar\/index.php\/wp-json\/wp\/v2\/posts\/17743\/revisions"}],"wp:featuredmedia":[{"embeddable":true,"href":"https:\/\/maxradio923.com.ar\/index.php\/wp-json\/wp\/v2\/media\/17744"}],"wp:attachment":[{"href":"https:\/\/maxradio923.com.ar\/index.php\/wp-json\/wp\/v2\/media?parent=17743"}],"wp:term":[{"taxonomy":"category","embeddable":true,"href":"https:\/\/maxradio923.com.ar\/index.php\/wp-json\/wp\/v2\/categories?post=17743"},{"taxonomy":"post_tag","embeddable":true,"href":"https:\/\/maxradio923.com.ar\/index.php\/wp-json\/wp\/v2\/tags?post=17743"}],"curies":[{"name":"wp","href":"https:\/\/api.w.org\/{rel}","templated":true}]}}