{"id":17724,"date":"2024-02-14T10:36:37","date_gmt":"2024-02-14T13:36:37","guid":{"rendered":"https:\/\/maxradio923.com.ar\/index.php\/2024\/02\/14\/la-primera-reaccion-oficialista-contra-las-criticas-de-cristina-kirchner-a-javier-milei-bruta-la-cruzo-jose-luis-espert\/"},"modified":"2024-02-14T10:36:37","modified_gmt":"2024-02-14T13:36:37","slug":"la-primera-reaccion-oficialista-contra-las-criticas-de-cristina-kirchner-a-javier-milei-bruta-la-cruzo-jose-luis-espert","status":"publish","type":"post","link":"https:\/\/maxradio923.com.ar\/index.php\/2024\/02\/14\/la-primera-reaccion-oficialista-contra-las-criticas-de-cristina-kirchner-a-javier-milei-bruta-la-cruzo-jose-luis-espert\/","title":{"rendered":"La primera reacci\u00f3n oficialista contra las cr\u00edticas de Cristina Kirchner a Javier Milei: &#8220;Bruta&#8221;, la cruz\u00f3 Jos\u00e9 Luis Espert"},"content":{"rendered":"<ul>\n<li>El duro documento de la exvicepresidenta contra el Gobierno despert\u00f3 rechazo en las redes sociales.<\/li>\n<\/ul>\n","protected":false},"excerpt":{"rendered":"<p>El duro documento de la exvicepresidenta contra el Gobierno despert\u00f3 rechazo en las redes sociales.<\/p>\n","protected":false},"author":2,"featured_media":17725,"comment_status":"","ping_status":"","sticky":false,"template":"","format":"standard","meta":{"footnotes":""},"categories":[7],"tags":[],"_links":{"self":[{"href":"https:\/\/maxradio923.com.ar\/index.php\/wp-json\/wp\/v2\/posts\/17724"}],"collection":[{"href":"https:\/\/maxradio923.com.ar\/index.php\/wp-json\/wp\/v2\/posts"}],"about":[{"href":"https:\/\/maxradio923.com.ar\/index.php\/wp-json\/wp\/v2\/types\/post"}],"author":[{"embeddable":true,"href":"https:\/\/maxradio923.com.ar\/index.php\/wp-json\/wp\/v2\/users\/2"}],"replies":[{"embeddable":true,"href":"https:\/\/maxradio923.com.ar\/index.php\/wp-json\/wp\/v2\/comments?post=17724"}],"version-history":[{"count":0,"href":"https:\/\/maxradio923.com.ar\/index.php\/wp-json\/wp\/v2\/posts\/17724\/revisions"}],"wp:featuredmedia":[{"embeddable":true,"href":"https:\/\/maxradio923.com.ar\/index.php\/wp-json\/wp\/v2\/media\/17725"}],"wp:attachment":[{"href":"https:\/\/maxradio923.com.ar\/index.php\/wp-json\/wp\/v2\/media?parent=17724"}],"wp:term":[{"taxonomy":"category","embeddable":true,"href":"https:\/\/maxradio923.com.ar\/index.php\/wp-json\/wp\/v2\/categories?post=17724"},{"taxonomy":"post_tag","embeddable":true,"href":"https:\/\/maxradio923.com.ar\/index.php\/wp-json\/wp\/v2\/tags?post=17724"}],"curies":[{"name":"wp","href":"https:\/\/api.w.org\/{rel}","templated":true}]}}