{"id":17722,"date":"2024-02-14T10:36:36","date_gmt":"2024-02-14T13:36:36","guid":{"rendered":"https:\/\/maxradio923.com.ar\/index.php\/2024\/02\/14\/guillermo-francos-se-mostro-indignado-con-cristina-kirchner-tiene-el-tupe-de-expresarse-como-si-no-fuera-responsable-de-nada\/"},"modified":"2024-02-14T10:36:36","modified_gmt":"2024-02-14T13:36:36","slug":"guillermo-francos-se-mostro-indignado-con-cristina-kirchner-tiene-el-tupe-de-expresarse-como-si-no-fuera-responsable-de-nada","status":"publish","type":"post","link":"https:\/\/maxradio923.com.ar\/index.php\/2024\/02\/14\/guillermo-francos-se-mostro-indignado-con-cristina-kirchner-tiene-el-tupe-de-expresarse-como-si-no-fuera-responsable-de-nada\/","title":{"rendered":"Guillermo Francos se mostr\u00f3 indignado con Cristina Kirchner: &#8220;Tiene el tup\u00e9 de expresarse como si no fuera responsable de nada&#8221;"},"content":{"rendered":"<p><img decoding=\"async\" alt=\"&quot;Llama la atenci\u00f3n esta falta de autocr\u00edtica&quot;, enfatiz\u00f3 Guillermo Francos. Foto: V\u00edctor Sokolowicz\" src=\"https:\/\/www.clarin.com\/img\/2024\/02\/10\/DmHcQXanq_720x0__1.jpg\"\/>&quot;Llama la atenci\u00f3n esta falta de autocr\u00edtica&quot;, enfatiz\u00f3 Guillermo Francos. Foto: V\u00edctor Sokolowicz<\/p>\n","protected":false},"excerpt":{"rendered":"<p>&#8220;Llama la atenci\u00f3n esta falta de autocr\u00edtica&#8221;, enfatiz\u00f3 Guillermo Francos. Foto: V\u00edctor Sokolowicz<\/p>\n","protected":false},"author":2,"featured_media":17723,"comment_status":"","ping_status":"","sticky":false,"template":"","format":"standard","meta":{"footnotes":""},"categories":[7],"tags":[],"_links":{"self":[{"href":"https:\/\/maxradio923.com.ar\/index.php\/wp-json\/wp\/v2\/posts\/17722"}],"collection":[{"href":"https:\/\/maxradio923.com.ar\/index.php\/wp-json\/wp\/v2\/posts"}],"about":[{"href":"https:\/\/maxradio923.com.ar\/index.php\/wp-json\/wp\/v2\/types\/post"}],"author":[{"embeddable":true,"href":"https:\/\/maxradio923.com.ar\/index.php\/wp-json\/wp\/v2\/users\/2"}],"replies":[{"embeddable":true,"href":"https:\/\/maxradio923.com.ar\/index.php\/wp-json\/wp\/v2\/comments?post=17722"}],"version-history":[{"count":0,"href":"https:\/\/maxradio923.com.ar\/index.php\/wp-json\/wp\/v2\/posts\/17722\/revisions"}],"wp:featuredmedia":[{"embeddable":true,"href":"https:\/\/maxradio923.com.ar\/index.php\/wp-json\/wp\/v2\/media\/17723"}],"wp:attachment":[{"href":"https:\/\/maxradio923.com.ar\/index.php\/wp-json\/wp\/v2\/media?parent=17722"}],"wp:term":[{"taxonomy":"category","embeddable":true,"href":"https:\/\/maxradio923.com.ar\/index.php\/wp-json\/wp\/v2\/categories?post=17722"},{"taxonomy":"post_tag","embeddable":true,"href":"https:\/\/maxradio923.com.ar\/index.php\/wp-json\/wp\/v2\/tags?post=17722"}],"curies":[{"name":"wp","href":"https:\/\/api.w.org\/{rel}","templated":true}]}}