{"id":17720,"date":"2024-02-14T10:36:06","date_gmt":"2024-02-14T13:36:06","guid":{"rendered":"https:\/\/maxradio923.com.ar\/index.php\/2024\/02\/14\/con-que-musicos-saldra-ac-dc-de-gira-y-podrian-llegar-a-la-argentina\/"},"modified":"2024-02-14T10:36:06","modified_gmt":"2024-02-14T13:36:06","slug":"con-que-musicos-saldra-ac-dc-de-gira-y-podrian-llegar-a-la-argentina","status":"publish","type":"post","link":"https:\/\/maxradio923.com.ar\/index.php\/2024\/02\/14\/con-que-musicos-saldra-ac-dc-de-gira-y-podrian-llegar-a-la-argentina\/","title":{"rendered":"Con qu\u00e9 m\u00fasicos saldr\u00e1 AC\/DC de gira y podr\u00edan llegar a la Argentina"},"content":{"rendered":"<ul>\n<li>El grupo ya no cuenta con el emblem\u00e1tico Malcolm Young, que muri\u00f3 en 2017, ni la base Paul Rudd.-Cliff Williams.<\/li>\n<li>Los fans especulan que vendr\u00e1n a Sudam\u00e9rica a fin de a\u00f1o.<\/li>\n<\/ul>\n","protected":false},"excerpt":{"rendered":"<p>El grupo ya no cuenta con el emblem\u00e1tico Malcolm Young, que muri\u00f3 en 2017, ni la base Paul Rudd.-Cliff Williams. Los fans especulan que vendr\u00e1n a Sudam\u00e9rica a fin de a\u00f1o.<\/p>\n","protected":false},"author":2,"featured_media":17721,"comment_status":"","ping_status":"","sticky":false,"template":"","format":"standard","meta":{"footnotes":""},"categories":[4],"tags":[],"_links":{"self":[{"href":"https:\/\/maxradio923.com.ar\/index.php\/wp-json\/wp\/v2\/posts\/17720"}],"collection":[{"href":"https:\/\/maxradio923.com.ar\/index.php\/wp-json\/wp\/v2\/posts"}],"about":[{"href":"https:\/\/maxradio923.com.ar\/index.php\/wp-json\/wp\/v2\/types\/post"}],"author":[{"embeddable":true,"href":"https:\/\/maxradio923.com.ar\/index.php\/wp-json\/wp\/v2\/users\/2"}],"replies":[{"embeddable":true,"href":"https:\/\/maxradio923.com.ar\/index.php\/wp-json\/wp\/v2\/comments?post=17720"}],"version-history":[{"count":0,"href":"https:\/\/maxradio923.com.ar\/index.php\/wp-json\/wp\/v2\/posts\/17720\/revisions"}],"wp:featuredmedia":[{"embeddable":true,"href":"https:\/\/maxradio923.com.ar\/index.php\/wp-json\/wp\/v2\/media\/17721"}],"wp:attachment":[{"href":"https:\/\/maxradio923.com.ar\/index.php\/wp-json\/wp\/v2\/media?parent=17720"}],"wp:term":[{"taxonomy":"category","embeddable":true,"href":"https:\/\/maxradio923.com.ar\/index.php\/wp-json\/wp\/v2\/categories?post=17720"},{"taxonomy":"post_tag","embeddable":true,"href":"https:\/\/maxradio923.com.ar\/index.php\/wp-json\/wp\/v2\/tags?post=17720"}],"curies":[{"name":"wp","href":"https:\/\/api.w.org\/{rel}","templated":true}]}}