{"id":17712,"date":"2024-02-14T10:34:47","date_gmt":"2024-02-14T13:34:47","guid":{"rendered":"https:\/\/maxradio923.com.ar\/index.php\/2024\/02\/14\/el-gobierno-busca-reducir-los-120-custodios-de-cfk-los-30-de-macri-y-los-policias-viajeros-de-alberto-fernandez\/"},"modified":"2024-02-14T10:34:47","modified_gmt":"2024-02-14T13:34:47","slug":"el-gobierno-busca-reducir-los-120-custodios-de-cfk-los-30-de-macri-y-los-policias-viajeros-de-alberto-fernandez","status":"publish","type":"post","link":"https:\/\/maxradio923.com.ar\/index.php\/2024\/02\/14\/el-gobierno-busca-reducir-los-120-custodios-de-cfk-los-30-de-macri-y-los-policias-viajeros-de-alberto-fernandez\/","title":{"rendered":"El Gobierno busca reducir los 120 custodios de CFK, los 30 de Macri y los polic\u00edas viajeros de Alberto Fern\u00e1ndez"},"content":{"rendered":"<p><img decoding=\"async\" src=\"https:\/\/diariod3.com\/wp-content\/uploads\/2024\/02\/RNHGQNJAQZFE7LUYQGU2DENJBI.jpg\"\/><\/p>\n<p>En el marco del plan de la actual gesti\u00f3n de reducir todos los gastos del Estados, el Gobierno busca modificar el reglamento sobre la custodia de los ex Presidentes, tras revisar la situaci\u00f3n y el personal destinado a esa tarea. La medida est\u00e1 en manos de la secretaria General de la Presidencia, Karina Milei, que este martes regres\u00f3 a la Argentina tras formar parte de la gira oficial que su hermano realiz\u00f3 por Israel, Italia y El Vaticano.<\/p>\n<p>La decisi\u00f3n surgi\u00f3 luego de que la funcionaria detectara, entre otras cuestiones, algunos casos que considera excesivos, como el de Cristina Kirchner, quien cuenta con alrededor de 120 efectivos de la Polic\u00eda Federal abocados a su seguridad y a la de su familia, m\u00e1s precisamente a su hija y su nieta. Es un dispositivo especial que se puso en funciones despu\u00e9s del intento de magnicidio del 1\u00b0 de septiembre del 2022.<\/p>\n<p>Asimismo, tambi\u00e9n llam\u00f3 la atenci\u00f3n los operativos que demanda la custodia de Alberto Fern\u00e1ndez, que tras dejar el cargo se instal\u00f3 en Espa\u00f1a, por lo que Casa Militar, que es la instituci\u00f3n que se encarga de la seguridad de los mandatarios en ejercicio y fuera del mismo, debe coordinar y enviar agentes a ese pa\u00eds.<\/p>\n<p>De hecho, seg\u00fan trascendi\u00f3, todas las semanas viaja a Madrid un miembro de la Polic\u00eda Federal Argentina para permanecer en el departamento que alquila el ex Presidente y acompa\u00f1arlo en sus actividades diarias. Luego, esa persona regresa a Buenos Aires y se env\u00eda a otra para hacer el relevo, lo cual demanda grandes gastos en pasajes y vi\u00e1ticos. En total, son 12 los efectivos que tiene a su disposici\u00f3n.<\/p>\n<p>En este sentido, una idea que surgi\u00f3 es la de avanzar con un acuerdo de reciprocidad con las autoridades espa\u00f1olas, en este caso, para que la Polic\u00eda local se ocupe de cuidar al ex mandatario argentino, aunque por el momento no se avanzaron en gestiones ante las autoridades del gobierno socialista de Pedro S\u00e1nchez para habilitar alg\u00fan tipo de acuerdo.<\/p>\n<p>De acuerdo con la informaci\u00f3n que trascendi\u00f3 de fuentes oficiales, el equipo completo de efectivos de custodia asignados a Mauricio Macri estar\u00eda en el orden de los 30. Es personal abocado, en todos los casos, a cumplir esas tareas 24\u00d77 los 365 d\u00edas del a\u00f1o. Tambi\u00e9n lo acompa\u00f1an cuando el referente del PRO viaja al exterior.<\/p>\n<p>Seg\u00fan se pudo saber de fuentes oficiales, lo que s\u00ed se va a impulsar es una reglamentaci\u00f3n m\u00e1s estricta de los protocolos para establecer cu\u00e1nto personal -m\u00ednimo y m\u00e1ximo- se puede disponer para la custodia de los jefes de Estado.<\/p>\n<p>\u201cEl objetivo no es eliminar la custodia, ni dejar desprotegido a ning\u00fan presidente. Pero tampoco seguir sosteniendo este r\u00e9gimen en tiempos de crisis y cuando estamos planteando que no hay plata y que a la sociedad le estamos exigiendo un esfuerzo tan grande para superar estos dif\u00edciles momentos\u201d, explicaron fuentes oficiales.<\/p>\n<p>El decreto de la pol\u00e9mica<\/p>\n<p>A fines de diciembre pasado surgi\u00f3 una pol\u00e9mica luego de que, antes de dejar el cargo, Alberto Fern\u00e1ndez firmara un decreto para que el Estado cubriera los costos de su custodia y la de su familia de manera permanente, aun cuando estuviera fuera del pa\u00eds, lo cual fue duramente cuestionado por la ministra de Seguridad, Patricia Bullrich.<\/p>\n<p>Tras varias idas y vueltas, finalmente qued\u00f3 firme la normativa que en concreto incorpor\u00f3 un cambio en las funciones del sistema de custodia y de la Casa Militar, el organismo que est\u00e1 a cargo de la seguridad del Presidente. Hasta ese momento, la Polic\u00eda Federal Argentina (PFA) habitualmente custodia a todos los ex mandatarios en el territorio nacional, en caso de que requieran de este resguardo especial, o tengan que realizar viajes puntuales.<\/p>\n<p>Desde ese decreto, prerrogativa se ampli\u00f3 a quienes hayan ejercido alguna vez la Presidencia y la Vicepresidencia y se desplacen dentro o fuera del pa\u00eds, quienes podr\u00e1n utilizar este beneficio sin un tiempo l\u00edmite para su aplicaci\u00f3n.<\/p>\n<p>Con las firmas de Fern\u00e1ndez y el entonces jefe de Gabinete, Agust\u00edn Rossi, la medida modific\u00f3 los objetivos de Casa Militar, al reemplazar el art\u00edculo 2 del decreto 50\/2019 firmado a pocos d\u00edas de comenzar su gesti\u00f3n. La redacci\u00f3n de la norma sum\u00f3 como misi\u00f3n a los funcionarios del Poder Ejecutivo que ya cumplieron mandato. \u201cProveer la seguridad del se\u00f1or Presidente de la Naci\u00f3n, del Vicepresidente de la Naci\u00f3n, de los Ex Mandatarios y de sus familiares directos, como as\u00ed tambi\u00e9n de la Casa de Gobierno, Residencia Presidencial de Olivos y otros lugares de residencia transitoria del se\u00f1or Presidente de la Naci\u00f3n y de su familia\u201d, indica el texto.<\/p>\n<p>Adem\u00e1s, se modificaron los art\u00edculos 14 y 15 del decreto 648\/2004, aprobado durante el mandato de N\u00e9stor Kirchner. \u201cEstabl\u00e9cese que los efectivos de la Polic\u00eda Federal Argentina (PFA) asignados a la Divisi\u00f3n Custodia Presidencial, Divisi\u00f3n Custodia Vicepresidencial y Unidad Custodia Ex Mandatarios actuar\u00e1n bajo control operacional de la Casa Militar, a trav\u00e9s de la Agrupaci\u00f3n Seguridad e Inteligencia, de la que recibir\u00e1n las \u00f3rdenes para su empleo, actuando de conformidad con las leyes y reglamentos que rigen al Personal de la PFA\u201d, se\u00f1ala la normativa en su art\u00edculo 14.<\/p>\n<p>En el Gobierno insistieron que no hay la idea de ning\u00fan modo es eliminar las custodias presidenciales. Milei es un dirigente que tiene especial cuidado tanto con su seguridad personal como tambi\u00e9n se comprometi\u00f3 a mantener la dotaci\u00f3n \u00f3ptima y al responsable que desde hace a\u00f1os est\u00e1 al frente de ese equipo. De hecho, trascendi\u00f3 que sobre ese tema hablaron brevemente en un momento del traspaso de mando.<\/p>\n<p>Fuente: INFOBAE<\/p>\n<p>Por: Graciela Herrera<\/p>\n<p>La entrada <a href=\"https:\/\/diariod3.com\/el-gobierno-busca-reducir-los-120-custodios-de-cfk-los-30-de-macri-y-los-policias-viajeros-de-alberto-fernandez\/\" rel=\"noreferrer noopener\" target=\"_blank\">El Gobierno busca reducir los 120 custodios de CFK, los 30 de Macri y los polic\u00edas viajeros de Alberto Fern\u00e1ndez<\/a> se public\u00f3 primero en <a href=\"https:\/\/diariod3.com\/\" rel=\"noreferrer noopener\" target=\"_blank\">DIARIO D3 NOTICIAS | SAN JUAN ARGENTINA<\/a>.<\/p>\n","protected":false},"excerpt":{"rendered":"<p>En el marco del plan de la actual gesti\u00f3n de reducir todos los gastos del Estados, el Gobierno busca modificar el reglamento sobre la custodia de los ex Presidentes, tras revisar la situaci\u00f3n y el personal destinado a esa tarea. La medida est\u00e1 en manos de la secretaria General de la Presidencia, Karina Milei, que este martes regres\u00f3 a la Argentina tras formar parte de la gira oficial que su hermano realiz\u00f3 por Israel, Italia y El Vaticano.<\/p>\n<p>La decisi\u00f3n surgi\u00f3 luego de que la funcionaria detectara, entre otras cuestiones, algunos casos que considera excesivos, como el de Cristina Kirchner, quien cuenta con alrededor de 120 efectivos de la Polic\u00eda Federal abocados a su seguridad y a la de su familia, m\u00e1s precisamente a su hija y su nieta. Es un dispositivo especial que se puso en funciones despu\u00e9s del intento de magnicidio del 1\u00b0 de septiembre del 2022.<\/p>\n<p>Asimismo, tambi\u00e9n llam\u00f3 la atenci\u00f3n los operativos que demanda la custodia de Alberto Fern\u00e1ndez, que tras dejar el cargo se instal\u00f3 en ..<\/p>\n","protected":false},"author":2,"featured_media":17713,"comment_status":"","ping_status":"","sticky":false,"template":"","format":"standard","meta":{"footnotes":""},"categories":[12],"tags":[],"_links":{"self":[{"href":"https:\/\/maxradio923.com.ar\/index.php\/wp-json\/wp\/v2\/posts\/17712"}],"collection":[{"href":"https:\/\/maxradio923.com.ar\/index.php\/wp-json\/wp\/v2\/posts"}],"about":[{"href":"https:\/\/maxradio923.com.ar\/index.php\/wp-json\/wp\/v2\/types\/post"}],"author":[{"embeddable":true,"href":"https:\/\/maxradio923.com.ar\/index.php\/wp-json\/wp\/v2\/users\/2"}],"replies":[{"embeddable":true,"href":"https:\/\/maxradio923.com.ar\/index.php\/wp-json\/wp\/v2\/comments?post=17712"}],"version-history":[{"count":0,"href":"https:\/\/maxradio923.com.ar\/index.php\/wp-json\/wp\/v2\/posts\/17712\/revisions"}],"wp:featuredmedia":[{"embeddable":true,"href":"https:\/\/maxradio923.com.ar\/index.php\/wp-json\/wp\/v2\/media\/17713"}],"wp:attachment":[{"href":"https:\/\/maxradio923.com.ar\/index.php\/wp-json\/wp\/v2\/media?parent=17712"}],"wp:term":[{"taxonomy":"category","embeddable":true,"href":"https:\/\/maxradio923.com.ar\/index.php\/wp-json\/wp\/v2\/categories?post=17712"},{"taxonomy":"post_tag","embeddable":true,"href":"https:\/\/maxradio923.com.ar\/index.php\/wp-json\/wp\/v2\/tags?post=17712"}],"curies":[{"name":"wp","href":"https:\/\/api.w.org\/{rel}","templated":true}]}}