{"id":17710,"date":"2024-02-14T10:34:46","date_gmt":"2024-02-14T13:34:46","guid":{"rendered":"https:\/\/maxradio923.com.ar\/index.php\/2024\/02\/14\/patricia-bullrich-el-sector-de-jxc-que-no-queria-el-cambio-perdio\/"},"modified":"2024-02-14T10:34:46","modified_gmt":"2024-02-14T13:34:46","slug":"patricia-bullrich-el-sector-de-jxc-que-no-queria-el-cambio-perdio","status":"publish","type":"post","link":"https:\/\/maxradio923.com.ar\/index.php\/2024\/02\/14\/patricia-bullrich-el-sector-de-jxc-que-no-queria-el-cambio-perdio\/","title":{"rendered":"Patricia Bullrich: \u00abEl sector de JxC que no quer\u00eda el cambio perdi\u00f3\u00bb"},"content":{"rendered":"<p><img decoding=\"async\" src=\"https:\/\/diariod3.com\/wp-content\/uploads\/2024\/01\/burlich-1.webp\"\/><\/p>\n<p>La ministra de Seguridad, Patricia Bullrich, apost\u00f3 por el \u00abproceso de cambio\u00bb que lidera el presidente Javier Milei, afirm\u00f3 que el sector de la alianza Juntos por el Cambio (JxC) que \u00abno quer\u00eda\u00bb avanzar en esa direcci\u00f3n perdi\u00f3 en las PASO del a\u00f1o \u00faltimo.<\/p>\n<p>\u00abHubo una decisi\u00f3n de apoyar y de otros diputados de desarmar la ley\u00bb Bases, analiz\u00f3 Bullrich, en referencia al frustrado intento del oficialismo de dar media sanci\u00f3n a esa normativa en la C\u00e1mara de Diputados.<\/p>\n<p>Para la funcionaria, \u00abhay una lucha\u00bb entre \u00ablos que quieren el cambio\u00bb y \u00ablos que quieren la continuidad\u00bb, y sostuvo que el \u00absector de JxC que no quer\u00eda el cambio perdi\u00f3\u00bb.<\/p>\n<p>Al respecto, Bullrich critic\u00f3 a su exrival en la interna de JxC Horacio Rodr\u00edguez Larreta, a quien acus\u00f3 de tener una \u00abobsesi\u00f3n con el consenso\u00bb.<\/p>\n<p>\u00abHoracio tiene una obsesi\u00f3n con el consenso, pero hubo una discusi\u00f3n de una ley en donde el consenso dec\u00eda \u2018Dejamela como est\u00e1\u2019. Los matices te llevan a que el cambio te lleva a cero\u00bb, asever\u00f3.<\/p>\n<p>Tambi\u00e9n se\u00f1al\u00f3 que \u00ablo que hay es la lucha entre un cambio concreto y contundente para cambiar las bases y un sector que se niega con paros, violencia, que impide que se voten leyes\u00bb, seg\u00fan indic\u00f3 en declaraciones.<\/p>\n<p>\u00abHay una crisis estructural con una clase pol\u00edtica que se niega al cambio\u00bb, remarc\u00f3.<\/p>\n<p>Bullrich critic\u00f3 adem\u00e1s gobernador de C\u00f3rdoba, Mart\u00edn Llaryora, al reprocharle pertenecer al \u00absector de la transacci\u00f3n\u00bb que \u00abquiere todo para su provincia pero nada para la Naci\u00f3n\u00bb.<\/p>\n<p>Por otro lado, anticip\u00f3 que est\u00e1 trabajando para enviar al Congreso una ley \u00abantimafia\u00bb para \u00abacabar al crimen organizado\u00bb basada en la experiencia de El Salvador, Italia y Estados Unidos.<\/p>\n<p>\u00abVamos a mandar una ley para cambiar el sentido de la asociaci\u00f3n il\u00edcita: quien comete un crimen y es parte de una asociaci\u00f3n il\u00edcita, todo el grupo ser\u00e1 acusado de ese crimen. Esto es lo que permitir\u00e1 acabar con el crimen organizado, como lo hizo El Salvador, Italia y Estados Unidos con la Ley Rico\u00bb, se\u00f1al\u00f3 la presidenta del PRO.<\/p>\n<p>Fuente: T\u00c9LAM<\/p>\n<p>Por: Graciela Herrera<\/p>\n<p>La entrada <a href=\"https:\/\/diariod3.com\/patricia-bullrich-el-sector-de-jxc-que-no-queria-el-cambio-perdio\/\" rel=\"noreferrer noopener\" target=\"_blank\">Patricia Bullrich: \u00abEl sector de JxC que no quer\u00eda el cambio perdi\u00f3\u00bb<\/a> se public\u00f3 primero en <a href=\"https:\/\/diariod3.com\/\" rel=\"noreferrer noopener\" target=\"_blank\">DIARIO D3 NOTICIAS | SAN JUAN ARGENTINA<\/a>.<\/p>\n","protected":false},"excerpt":{"rendered":"<p>La ministra de Seguridad, Patricia Bullrich, apost\u00f3 por el \u00abproceso de cambio\u00bb que lidera el presidente Javier Milei, afirm\u00f3 que el sector de la alianza Juntos por el Cambio (JxC) que \u00abno quer\u00eda\u00bb avanzar en esa direcci\u00f3n perdi\u00f3 en las PASO del a\u00f1o \u00faltimo.<\/p>\n<p>\u00abHubo una decisi\u00f3n de apoyar y de otros diputados de desarmar la ley\u00bb Bases, analiz\u00f3 Bullrich, en referencia al frustrado intento del oficialismo de dar media sanci\u00f3n a esa normativa en la C\u00e1mara de Diputados.<\/p>\n<p>Para la funcionaria, \u00abhay una lucha\u00bb entre \u00ablos que quieren el cambio\u00bb y \u00ablos que quieren la continuidad\u00bb, y sostuvo que el \u00absector de JxC que no quer\u00eda el cambio perdi\u00f3\u00bb.<\/p>\n<p>Al respecto, Bullrich critic\u00f3 a su exrival en la interna de JxC Horacio Rodr\u00edguez Larreta, a quien acus\u00f3 de tener una \u00abobsesi\u00f3n con el consenso\u00bb.<\/p>\n<p>\u00abHoracio tiene una obsesi\u00f3n con el consenso, pero hubo una discusi\u00f3n de una ley en donde el consenso dec\u00eda \u2018Dejamela como est\u00e1\u2019. Los matices te llevan a que el cambio te lleva a cero\u00bb, asever\u00f3.<\/p>\n<p>Tambi\u00e9n se\u00f1al\u00f3 qu..<\/p>\n","protected":false},"author":2,"featured_media":17711,"comment_status":"","ping_status":"","sticky":false,"template":"","format":"standard","meta":{"footnotes":""},"categories":[12],"tags":[],"_links":{"self":[{"href":"https:\/\/maxradio923.com.ar\/index.php\/wp-json\/wp\/v2\/posts\/17710"}],"collection":[{"href":"https:\/\/maxradio923.com.ar\/index.php\/wp-json\/wp\/v2\/posts"}],"about":[{"href":"https:\/\/maxradio923.com.ar\/index.php\/wp-json\/wp\/v2\/types\/post"}],"author":[{"embeddable":true,"href":"https:\/\/maxradio923.com.ar\/index.php\/wp-json\/wp\/v2\/users\/2"}],"replies":[{"embeddable":true,"href":"https:\/\/maxradio923.com.ar\/index.php\/wp-json\/wp\/v2\/comments?post=17710"}],"version-history":[{"count":0,"href":"https:\/\/maxradio923.com.ar\/index.php\/wp-json\/wp\/v2\/posts\/17710\/revisions"}],"wp:featuredmedia":[{"embeddable":true,"href":"https:\/\/maxradio923.com.ar\/index.php\/wp-json\/wp\/v2\/media\/17711"}],"wp:attachment":[{"href":"https:\/\/maxradio923.com.ar\/index.php\/wp-json\/wp\/v2\/media?parent=17710"}],"wp:term":[{"taxonomy":"category","embeddable":true,"href":"https:\/\/maxradio923.com.ar\/index.php\/wp-json\/wp\/v2\/categories?post=17710"},{"taxonomy":"post_tag","embeddable":true,"href":"https:\/\/maxradio923.com.ar\/index.php\/wp-json\/wp\/v2\/tags?post=17710"}],"curies":[{"name":"wp","href":"https:\/\/api.w.org\/{rel}","templated":true}]}}