{"id":17708,"date":"2024-02-14T10:34:09","date_gmt":"2024-02-14T13:34:09","guid":{"rendered":"https:\/\/maxradio923.com.ar\/index.php\/2024\/02\/14\/ullum-suma-mas-vecinos-capacitados-en-oficios\/"},"modified":"2024-02-14T10:34:09","modified_gmt":"2024-02-14T13:34:09","slug":"ullum-suma-mas-vecinos-capacitados-en-oficios","status":"publish","type":"post","link":"https:\/\/maxradio923.com.ar\/index.php\/2024\/02\/14\/ullum-suma-mas-vecinos-capacitados-en-oficios\/","title":{"rendered":"Ullum suma m\u00e1s vecinos, capacitados en oficios"},"content":{"rendered":"\n<p>Este 9 de febrero la Municipalidad de Ullum hizo entrega de los certificados de finalizaci\u00f3n de los cursos de formaci\u00f3n en oficios dictados en 2023 a trav\u00e9s del convenio entre Ministerio de Desarrollo Social de la Naci\u00f3n y la Fundaci\u00f3n Rumbos de Integraci\u00f3n y Desarrollo Regional y gestionados por el actual intendente David Dom\u00ednguez.<\/p>\n<p>Los cursos capacitaron a 35 personas del departamento en Instalaciones El\u00e9ctricas domiciliarias, instalaciones sanitarias y peluquer\u00eda.<\/p>\n<p>\u00abEstos cursos fueron dictados con el deseo de capacitar a todas las personas que desean tener una herramienta a la hora de buscar una salida econ\u00f3mica para su hogar, ampliar sus conocimientos, aumentando su productividad y tambi\u00e9n profesionalizando su tarea para poder tener una mejor remuneraci\u00f3n\u00bb destac\u00f3 la subsecretaria de Educaci\u00f3n, Natalia Alfaro. \u00abFelicitaciones a aquellas personas que con su esfuerzo, dedicaci\u00f3n y perseverancia culminaron exitosamente\u00bb, afirm\u00f3.<\/p>\n<p>El subdelegado de la Fundaci\u00f3n Rumbos, Julio Godoy, tambi\u00e9n se dirigi\u00f3 a los egresados. \u00abDesde la Fundaci\u00f3n, junto con David, se lleg\u00f3 a este sue\u00f1o y a este pensamiento de la necesidad de capacitar mano de obra pensando, avisorando, prepar\u00e1ndonos para un futuro laboral de los pobladores de Ullum. Siempre es un gusto, m\u00e1s all\u00e1 del rol que me compete, encontrarme con amigos y amigas de muchos a\u00f1os, de sue\u00f1os, y hoy; con concreciones\u00bb.<\/p>\n<p>Por su parte el secretario de Gobierno Claudio Chirino destac\u00f3 que \u00abdesde la intendencia se est\u00e1 generando convenios con la UNSJ, se ha creado la Subsecretar\u00eda de Educaci\u00f3n y Capacitaci\u00f3n; el municipio va a continuar con este camino de capacitaciones para que no perder esta din\u00e1mica de formaci\u00f3n a todo el que est\u00e1 interesado. Y al que no, vamos a salir a buscarlo y a hacerlo que se interese por tener un conocimiento y que siga perfeccion\u00e1ndose. En este camino vamos a ir adquirendo conocimientos y, por sobre todo, herramientas para salir adelante\u00bb.<\/p>\n<p>Junto a la UNSJ<\/p>\n<p>El intendente David Dom\u00ednguez firm\u00f3 con el decano de la FAUD Guillermo Velasco un acta intenci\u00f3n con el objeto de promover la la formaci\u00f3n de pregrado calificada para ulluneros. La propuesta formativa para el a\u00f1o 2024 incluye alternativas vinculadas a tecnolog\u00edas constructivas, maquetaci\u00f3n, talleres de t\u00e9cnicas de reproducci\u00f3n gr\u00e1fica, dibujo digital.<\/p>\n<p>Asimismo, Dom\u00ednguez estuvo reunido con la vicerrectora Anal\u00eda Ponce y su equipo. \u00abCon la mirada siempre puesta en mejorar las posibilidades de formaci\u00f3n t\u00e9cnica y laboral de nuestros j\u00f3venes y ciudadanos, intercambiamos diagn\u00f3sticos, proyectos y sue\u00f1os por alcanzar para nuestra comunidad. La Escuela Municipal de Oficios va tomando forma\u00bb, destac\u00f3 el intendente.<\/p>\n<p>Participaron de ese encuentro la responsable del \u00e1rea de Educaci\u00f3n y formaci\u00f3n laboral de Ullum Prof. Natalia Alfaro y por el equipo de la UNSJ, la secretaria de Extensi\u00f3n Dra. Laura Garces, el secretario de Ciencia, Tecnolog\u00eda e innovaci\u00f3n Ing. Eric Laciar, la secretaria Acad\u00e9mica Mg. Rosa Ferrer y los responsables del PUAM (Programa Universitario de articulacion con los municipios) Mg. Jorge Baletti y la coordinadora de la Escuela de Oficios y Educaci\u00f3n Profesional Mg. Rosa Figueroa.<\/p>\n","protected":false},"excerpt":{"rendered":"<p>Este 9 de febrero la Municipalidad de Ullum hizo entrega de los certificados de finalizaci\u00f3n de los cursos de formaci\u00f3n en oficios dictados en 2023 a trav\u00e9s del convenio entre Ministerio de Desarrollo Social de la Naci\u00f3n y la Fundaci\u00f3n Rumbos de Integraci\u00f3n y Desarrollo Regional y gestionados por el actual intendente David Dom\u00ednguez.<\/p>\n<p>Los cursos capacitaron a 35 personas del departamento en Instalaciones El\u00e9ctricas domiciliarias, instalaciones sanitarias y peluquer\u00eda.<br \/>\n \u00abEstos cursos fueron dictados con el deseo de capacitar a todas las personas que desean tener una herramienta a la hora de buscar una salida econ\u00f3mica para su hogar, ampliar sus conocimientos, aumentando su productividad y tambi\u00e9n profesionalizando su tarea para poder tener una mejor remuneraci\u00f3n\u00bb destac\u00f3 la subsecretaria de Educaci\u00f3n, Natalia Alfaro. \u00abFelicitaciones a aquellas personas que con su esfuerzo, dedicaci\u00f3n y perseverancia culminaron exitosamente\u00bb, afirm\u00f3.<br \/>\n El subdelegado de la Fundaci\u00f3n Rumbos, Julio Godoy, t..<\/p>\n","protected":false},"author":2,"featured_media":17709,"comment_status":"","ping_status":"","sticky":false,"template":"","format":"standard","meta":{"footnotes":""},"categories":[5],"tags":[],"_links":{"self":[{"href":"https:\/\/maxradio923.com.ar\/index.php\/wp-json\/wp\/v2\/posts\/17708"}],"collection":[{"href":"https:\/\/maxradio923.com.ar\/index.php\/wp-json\/wp\/v2\/posts"}],"about":[{"href":"https:\/\/maxradio923.com.ar\/index.php\/wp-json\/wp\/v2\/types\/post"}],"author":[{"embeddable":true,"href":"https:\/\/maxradio923.com.ar\/index.php\/wp-json\/wp\/v2\/users\/2"}],"replies":[{"embeddable":true,"href":"https:\/\/maxradio923.com.ar\/index.php\/wp-json\/wp\/v2\/comments?post=17708"}],"version-history":[{"count":0,"href":"https:\/\/maxradio923.com.ar\/index.php\/wp-json\/wp\/v2\/posts\/17708\/revisions"}],"wp:featuredmedia":[{"embeddable":true,"href":"https:\/\/maxradio923.com.ar\/index.php\/wp-json\/wp\/v2\/media\/17709"}],"wp:attachment":[{"href":"https:\/\/maxradio923.com.ar\/index.php\/wp-json\/wp\/v2\/media?parent=17708"}],"wp:term":[{"taxonomy":"category","embeddable":true,"href":"https:\/\/maxradio923.com.ar\/index.php\/wp-json\/wp\/v2\/categories?post=17708"},{"taxonomy":"post_tag","embeddable":true,"href":"https:\/\/maxradio923.com.ar\/index.php\/wp-json\/wp\/v2\/tags?post=17708"}],"curies":[{"name":"wp","href":"https:\/\/api.w.org\/{rel}","templated":true}]}}