{"id":17706,"date":"2024-02-14T10:34:08","date_gmt":"2024-02-14T13:34:08","guid":{"rendered":"https:\/\/maxradio923.com.ar\/index.php\/2024\/02\/14\/munisaga-participo-del-aniversario-n70-de-la-union-vecinal-de-la-villa-san-miguel\/"},"modified":"2024-02-14T10:34:08","modified_gmt":"2024-02-14T13:34:08","slug":"munisaga-participo-del-aniversario-n70-de-la-union-vecinal-de-la-villa-san-miguel","status":"publish","type":"post","link":"https:\/\/maxradio923.com.ar\/index.php\/2024\/02\/14\/munisaga-participo-del-aniversario-n70-de-la-union-vecinal-de-la-villa-san-miguel\/","title":{"rendered":"Munisaga particip\u00f3 del aniversario N\u00b070 de la Uni\u00f3n Vecinal de la Villa San Miguel"},"content":{"rendered":"\n<p>El jefe comunal sostuvo que \u201ces un honor para mi que me inviten en un d\u00eda tan especial para la uni\u00f3n vecinal. Es muy importante destacar una historia, una identidad como la de la Villa San Miguel y de todas las personas que aportaron y se esforzaron para lograr hacer todo lo que hicieron por esta comunidad\u201d.<\/p>\n<p>\u201cEstos son los ejemplos que tenemos que reivindicar. En estos tiempos tan complicados es importante que traigamos a colaci\u00f3n y que hayan vecinos decididos a continuar con esos legados, a encontrar objetivos comunes, rumbos comunes, a partir del esfuerzo mancomunado encontrar soluciones que beneficien a todos, eso es lo importante\u201d, agreg\u00f3 Munisaga.<\/p>\n<p>Adem\u00e1s, el jefe comunal coment\u00f3: \u201cHoy como intendente, nosotros quienes nos toca llevar adelante una representaci\u00f3n pol\u00edtica en donde nos ha bendecido el pueblo para gobernar, y en el caso m\u00edo por cuatro a\u00f1os en el departamento, debemos en ese tiempo de bendici\u00f3n del pueblo tratar de hacer que todas estas energ\u00edas positivas, todos estos valores tan importantes para nuestra comunidad fluyan, se enaltezcan, aparezcan, crezcan\u201d.<\/p>\n<p>\u201cAqu\u00ed van a encontrar un amigo, un intendente que va a trabajar al lado de ustedes para que esta uni\u00f3n vecinal y este barrio, la Villa San Miguel, pueda seguir avanzando y ustedes sientan que no est\u00e1n solos, porque eso es lo importante en el mundo de hoy, no sentir que nadie se sienta abandonado, ni excluido, ni solo en tiempos dif\u00edciles\u201d, concluy\u00f3 Munisaga.<\/p>\n<p>Por su parte, Jorge Carrizo vecino de m\u00e1s de 50 a\u00f1os en la Villa San Miguel record\u00f3: \u201cFue el 7 de febrero de 1954, que un grupo de vecinos se reuni\u00f3 con el objeto de formar una entidad de reuni\u00f3n p\u00fablica y sin fines de lucro. Logrando as\u00ed lo que hoy conocemos como Uni\u00f3n Vecinal Villa San Miguel. La cual fue creciendo con el paso de los a\u00f1os. Los que hemos tenido la oportunidad de verla avanzar recordamos a todos aquellos socios y vecinos que desinteresadamente colaboraron invirtiendo su tiempo para lograr que estas instalaciones podamos disfrutar la fe\u201d.<\/p>\n<p>Estuvieron presente tambi\u00e9n el Triunvirato Normalizador est\u00e1 integrado por: Natalia Silva, Patricia Bondanza y Silvia Figueroa y el director de Fortalecimiento y Comunidades Institucional, Carlos Lira.<\/p>\n<p>Op: Juan Llarena<\/p>\n","protected":false},"excerpt":{"rendered":"<p>El jefe comunal sostuvo que \u201ces un honor para mi que me inviten en un d\u00eda tan especial para la uni\u00f3n vecinal. Es muy importante destacar una historia, una identidad como la de la Villa San Miguel y de todas las personas que aportaron y se esforzaron para lograr hacer todo lo que hicieron por esta comunidad\u201d.<br \/>\n \u201cEstos son los ejemplos que tenemos que reivindicar. En estos tiempos tan complicados es importante que traigamos a colaci\u00f3n y que hayan vecinos decididos a continuar con esos legados, a encontrar objetivos comunes, rumbos comunes, a partir del esfuerzo mancomunado encontrar soluciones que beneficien a todos, eso es lo importante\u201d, agreg\u00f3 Munisaga.<br \/>\n Adem\u00e1s, el jefe comunal coment\u00f3: \u201cHoy como intendente, nosotros quienes nos toca llevar adelante una representaci\u00f3n pol\u00edtica en donde nos ha bendecido el pueblo para gobernar, y en el caso m\u00edo por cuatro a\u00f1os en el departamento, debemos en ese tiempo de bendici\u00f3n del pueblo tratar de hacer que todas estas energ\u00edas positivas, todos esto..<\/p>\n","protected":false},"author":2,"featured_media":17707,"comment_status":"","ping_status":"","sticky":false,"template":"","format":"standard","meta":{"footnotes":""},"categories":[5],"tags":[],"_links":{"self":[{"href":"https:\/\/maxradio923.com.ar\/index.php\/wp-json\/wp\/v2\/posts\/17706"}],"collection":[{"href":"https:\/\/maxradio923.com.ar\/index.php\/wp-json\/wp\/v2\/posts"}],"about":[{"href":"https:\/\/maxradio923.com.ar\/index.php\/wp-json\/wp\/v2\/types\/post"}],"author":[{"embeddable":true,"href":"https:\/\/maxradio923.com.ar\/index.php\/wp-json\/wp\/v2\/users\/2"}],"replies":[{"embeddable":true,"href":"https:\/\/maxradio923.com.ar\/index.php\/wp-json\/wp\/v2\/comments?post=17706"}],"version-history":[{"count":0,"href":"https:\/\/maxradio923.com.ar\/index.php\/wp-json\/wp\/v2\/posts\/17706\/revisions"}],"wp:featuredmedia":[{"embeddable":true,"href":"https:\/\/maxradio923.com.ar\/index.php\/wp-json\/wp\/v2\/media\/17707"}],"wp:attachment":[{"href":"https:\/\/maxradio923.com.ar\/index.php\/wp-json\/wp\/v2\/media?parent=17706"}],"wp:term":[{"taxonomy":"category","embeddable":true,"href":"https:\/\/maxradio923.com.ar\/index.php\/wp-json\/wp\/v2\/categories?post=17706"},{"taxonomy":"post_tag","embeddable":true,"href":"https:\/\/maxradio923.com.ar\/index.php\/wp-json\/wp\/v2\/tags?post=17706"}],"curies":[{"name":"wp","href":"https:\/\/api.w.org\/{rel}","templated":true}]}}