{"id":17702,"date":"2024-02-14T10:32:18","date_gmt":"2024-02-14T13:32:18","guid":{"rendered":"https:\/\/maxradio923.com.ar\/index.php\/2024\/02\/14\/detuvieron-en-un-operativo-antidrogas-en-santa-fe-a-gabriel-cachi-nudel-lider-de-una-faccion-de-la-barra-de-colon\/"},"modified":"2024-02-14T10:32:18","modified_gmt":"2024-02-14T13:32:18","slug":"detuvieron-en-un-operativo-antidrogas-en-santa-fe-a-gabriel-cachi-nudel-lider-de-una-faccion-de-la-barra-de-colon","status":"publish","type":"post","link":"https:\/\/maxradio923.com.ar\/index.php\/2024\/02\/14\/detuvieron-en-un-operativo-antidrogas-en-santa-fe-a-gabriel-cachi-nudel-lider-de-una-faccion-de-la-barra-de-colon\/","title":{"rendered":"Detuvieron en un operativo antidrogas en Santa Fe a Gabriel Cachi Nudel, l\u00edder de una facci\u00f3n de la barra de Col\u00f3n"},"content":{"rendered":"<p><img decoding=\"async\" alt=\"Detuvieron en un operativo antidrogas en Santa Fe a Gabriel Cachi Nudel. Foto: Ministerio de Seguridad.\" src=\"https:\/\/www.clarin.com\/img\/2024\/02\/14\/uRPxEH9pL_720x0__1.jpg\"\/>Detuvieron en un operativo antidrogas en Santa Fe a Gabriel Cachi Nudel. Foto: Ministerio de Seguridad.<img decoding=\"async\" alt=\"Los elementos secuestrados en el campo de marihuana en Santa Fe. Foto: Ministerio de Seguridad.\" src=\"https:\/\/www.clarin.com\/img\/2024\/02\/14\/Mw7Kbc7mt_720x0__1.jpg\"\/>Los elementos secuestrados en el campo de marihuana en Santa Fe. Foto: Ministerio de Seguridad.<\/p>\n","protected":false},"excerpt":{"rendered":"<p>Detuvieron en un operativo antidrogas en Santa Fe a Gabriel Cachi Nudel. Foto: Ministerio de Seguridad.Los elementos secuestrados en el campo de marihuana en Santa Fe. Foto: Ministerio de Seguridad.<\/p>\n","protected":false},"author":2,"featured_media":17703,"comment_status":"","ping_status":"","sticky":false,"template":"","format":"standard","meta":{"footnotes":""},"categories":[6],"tags":[],"_links":{"self":[{"href":"https:\/\/maxradio923.com.ar\/index.php\/wp-json\/wp\/v2\/posts\/17702"}],"collection":[{"href":"https:\/\/maxradio923.com.ar\/index.php\/wp-json\/wp\/v2\/posts"}],"about":[{"href":"https:\/\/maxradio923.com.ar\/index.php\/wp-json\/wp\/v2\/types\/post"}],"author":[{"embeddable":true,"href":"https:\/\/maxradio923.com.ar\/index.php\/wp-json\/wp\/v2\/users\/2"}],"replies":[{"embeddable":true,"href":"https:\/\/maxradio923.com.ar\/index.php\/wp-json\/wp\/v2\/comments?post=17702"}],"version-history":[{"count":0,"href":"https:\/\/maxradio923.com.ar\/index.php\/wp-json\/wp\/v2\/posts\/17702\/revisions"}],"wp:featuredmedia":[{"embeddable":true,"href":"https:\/\/maxradio923.com.ar\/index.php\/wp-json\/wp\/v2\/media\/17703"}],"wp:attachment":[{"href":"https:\/\/maxradio923.com.ar\/index.php\/wp-json\/wp\/v2\/media?parent=17702"}],"wp:term":[{"taxonomy":"category","embeddable":true,"href":"https:\/\/maxradio923.com.ar\/index.php\/wp-json\/wp\/v2\/categories?post=17702"},{"taxonomy":"post_tag","embeddable":true,"href":"https:\/\/maxradio923.com.ar\/index.php\/wp-json\/wp\/v2\/tags?post=17702"}],"curies":[{"name":"wp","href":"https:\/\/api.w.org\/{rel}","templated":true}]}}