{"id":17696,"date":"2024-02-14T10:31:49","date_gmt":"2024-02-14T13:31:49","guid":{"rendered":"https:\/\/maxradio923.com.ar\/index.php\/2024\/02\/14\/como-china-construyo-byd-el-asesino-de-tesla\/"},"modified":"2024-02-14T10:31:49","modified_gmt":"2024-02-14T13:31:49","slug":"como-china-construyo-byd-el-asesino-de-tesla","status":"publish","type":"post","link":"https:\/\/maxradio923.com.ar\/index.php\/2024\/02\/14\/como-china-construyo-byd-el-asesino-de-tesla\/","title":{"rendered":"C\u00f3mo china construy\u00f3 BYD, el &#8220;asesino&#8221; de Tesla"},"content":{"rendered":"<p><img decoding=\"async\" alt=\"Autos el\u00e9ctricos chino BYD.  Foto: The New York Times\" src=\"https:\/\/www.clarin.com\/img\/2024\/02\/13\/_cqH6rI4x_720x0__1.jpg\"\/>Autos el\u00e9ctricos chino BYD.  Foto: The New York Times<img decoding=\"async\" alt=\"Las ventas de BYD han aumentado en aproximadamente 1 mill\u00f3n de autom\u00f3viles por a\u00f1o. Foto: Gilles Sabri\u00e9\/The New York Times\" src=\"https:\/\/www.clarin.com\/img\/2024\/02\/13\/jcDYQyW_R_720x0__1.jpg\"\/>Las ventas de BYD han aumentado en aproximadamente 1 mill\u00f3n de autom\u00f3viles por a\u00f1o. Foto: Gilles Sabri\u00e9\/The New York Times<img decoding=\"async\" alt=\"BYD est\u00e1 construyendo r\u00e1pidamente los buques portaautom\u00f3viles m\u00e1s grandes del mundo. Foto: Ore Huiying\/The New York Times\" src=\"https:\/\/www.clarin.com\/img\/2024\/02\/13\/7UGWsTCpE_720x0__1.jpg\"\/>BYD est\u00e1 construyendo r\u00e1pidamente los buques portaautom\u00f3viles m\u00e1s grandes del mundo. Foto: Ore Huiying\/The New York Times<img decoding=\"async\" alt=\"Una vendedora y cliente en un concesionario de autom\u00f3viles BYD en Shenzhen. Foto: Gilles Sabri\u00e9\/The New York Times\" src=\"https:\/\/www.clarin.com\/img\/2024\/02\/13\/NRWg8U_dH_720x0__1.jpg\"\/>Una vendedora y cliente en un concesionario de autom\u00f3viles BYD en Shenzhen. Foto: Gilles Sabri\u00e9\/The New York Times<img decoding=\"async\" alt=\"La sede central de BYD.  Foto: Gilles Sabri\u00e9\/ The New York Times\" src=\"https:\/\/www.clarin.com\/img\/2024\/02\/13\/kWQXXNeYm_720x0__1.jpg\"\/>La sede central de BYD.  Foto: Gilles Sabri\u00e9\/ The New York Times<\/p>\n","protected":false},"excerpt":{"rendered":"<p>Autos el\u00e9ctricos chino BYD. Foto: The New York TimesLas ventas de BYD han aumentado en aproximadamente 1 mill\u00f3n de autom\u00f3viles por a\u00f1o. Foto: Gilles Sabri\u00e9\/The New York TimesBYD est\u00e1 construyendo r\u00e1pidamente los buques portaautom\u00f3viles m\u00e1s grandes del mundo. Foto: Ore Huiying\/The New York TimesUna vendedora y cliente en un concesionario de autom\u00f3viles BYD en Shenzhen. Foto: Gilles Sabri\u00e9\/The New York TimesLa sede central de BYD. Foto: Gilles Sabri\u00e9\/ The New York Times<\/p>\n","protected":false},"author":2,"featured_media":17697,"comment_status":"","ping_status":"","sticky":false,"template":"","format":"standard","meta":{"footnotes":""},"categories":[3],"tags":[],"_links":{"self":[{"href":"https:\/\/maxradio923.com.ar\/index.php\/wp-json\/wp\/v2\/posts\/17696"}],"collection":[{"href":"https:\/\/maxradio923.com.ar\/index.php\/wp-json\/wp\/v2\/posts"}],"about":[{"href":"https:\/\/maxradio923.com.ar\/index.php\/wp-json\/wp\/v2\/types\/post"}],"author":[{"embeddable":true,"href":"https:\/\/maxradio923.com.ar\/index.php\/wp-json\/wp\/v2\/users\/2"}],"replies":[{"embeddable":true,"href":"https:\/\/maxradio923.com.ar\/index.php\/wp-json\/wp\/v2\/comments?post=17696"}],"version-history":[{"count":0,"href":"https:\/\/maxradio923.com.ar\/index.php\/wp-json\/wp\/v2\/posts\/17696\/revisions"}],"wp:featuredmedia":[{"embeddable":true,"href":"https:\/\/maxradio923.com.ar\/index.php\/wp-json\/wp\/v2\/media\/17697"}],"wp:attachment":[{"href":"https:\/\/maxradio923.com.ar\/index.php\/wp-json\/wp\/v2\/media?parent=17696"}],"wp:term":[{"taxonomy":"category","embeddable":true,"href":"https:\/\/maxradio923.com.ar\/index.php\/wp-json\/wp\/v2\/categories?post=17696"},{"taxonomy":"post_tag","embeddable":true,"href":"https:\/\/maxradio923.com.ar\/index.php\/wp-json\/wp\/v2\/tags?post=17696"}],"curies":[{"name":"wp","href":"https:\/\/api.w.org\/{rel}","templated":true}]}}