{"id":17678,"date":"2024-02-13T13:41:28","date_gmt":"2024-02-13T16:41:28","guid":{"rendered":"https:\/\/maxradio923.com.ar\/index.php\/2024\/02\/13\/celebracion-historica-san-juan-descubre-el-primer-busto-de-ohiggins-en-la-provincia\/"},"modified":"2024-02-13T13:41:28","modified_gmt":"2024-02-13T16:41:28","slug":"celebracion-historica-san-juan-descubre-el-primer-busto-de-ohiggins-en-la-provincia","status":"publish","type":"post","link":"https:\/\/maxradio923.com.ar\/index.php\/2024\/02\/13\/celebracion-historica-san-juan-descubre-el-primer-busto-de-ohiggins-en-la-provincia\/","title":{"rendered":"Celebraci\u00f3n Hist\u00f3rica: San Juan Descubre el Primer Busto de O\u2019Higgins en la Provincia"},"content":{"rendered":"<p><img decoding=\"async\" src=\"https:\/\/diariod3.com\/wp-content\/uploads\/2024\/02\/ohiggins-busto-batalla-chacabucojpeg.webp\"\/><\/p>\n<p>En el marco del 207\u00ba aniversario de la Batalla de Chacabuco, un hito trascendental en la historia de Argentina y Chile, se llev\u00f3 a cabo una emotiva celebraci\u00f3n en la provincia de San Juan. El Instituto Cultural Argentino Chileno (ICACHI) lider\u00f3 la gesti\u00f3n para descubrir el primer busto del Brigadier General Bernardo O\u2019Higgins en la sede de la Instituci\u00f3n Sanmartiniana, marcando as\u00ed un momento significativo en la relaci\u00f3n entre ambas naciones.<\/p>\n<p>El acto cont\u00f3 con la distinguida presencia de autoridades representativas del Gobierno de San Juan, entre ellas el ministro de Turismo, Cultura y Deporte, Guido Romero, y la ministra de Gobierno, Laura Palma. Asimismo, estuvieron presentes el c\u00f3nsul de Mendoza, David Quiroga, y destacados l\u00edderes militares como el jefe del RIM 22 de Infanter\u00eda de Monta\u00f1a Coronel, Gaston Pattera, y el segundo comandante de la octava Brigada, coronel Labrausse. La ceremonia tambi\u00e9n cont\u00f3 con la participaci\u00f3n de autoridades del ICACHI, incluido su presidente Ra\u00fal Bustamante, y representantes de la Asociaci\u00f3n Civil Cultural Sanmartiniana, encabezados por su presidente Miguel \u00c1ngel Licciardi.<\/p>\n<p>El Regimiento de Infanter\u00eda de Monta\u00f1a 22 y la Asociaci\u00f3n Civil Cultural Sanmartiniana organizaron el evento para honrar la memoria del General O\u2019Higgins, cuya contribuci\u00f3n a la independencia de Chile es fundamental en la historia de Am\u00e9rica Latina.<\/p>\n<p>\u00abEste monumento en San Juan es un sue\u00f1o hecho realidad para los chilenos. Bernardo O\u2019Higgins, junto a otros valientes, sent\u00f3 las bases de un Chile independiente, y ahora estar\u00e1 inmortalizado en este lugar hist\u00f3rico\u00bb, resalt\u00f3 Ra\u00fal Bustamante Flores, presidente del ICACHI.<\/p>\n<p>Por su parte, Miguel Licciardi, presidente del Instituto Sanmartiniano, a\u00f1adi\u00f3: \u00abHoy, San Mart\u00edn debe sentirse orgulloso de tener el busto de su gran amigo junto al suyo, as\u00ed como del que contribuy\u00f3 a la libertad de Coquimbo, el comandante O\u2019Higgins\u00bb.<\/p>\n<p>La Batalla de Chacabuco representa un momento cumbre en la historia de la regi\u00f3n, donde l\u00edderes como San Mart\u00edn y O\u2019Higgins desempe\u00f1aron roles cruciales. La colaboraci\u00f3n entre ambos l\u00edderes en la batalla ejemplific\u00f3 la unidad y la solidaridad en la lucha por la justicia y la libertad de los pueblos.<\/p>\n<p>Con la instalaci\u00f3n de este busto, se refuerza el lazo de amistad y cooperaci\u00f3n entre Chile y Argentina, destacando la importancia de seguir trabajando juntos en pos del bienestar de ambas naciones y de toda la regi\u00f3n.<\/p>\n<p>La entrada Celebraci\u00f3n Hist\u00f3rica: San Juan Descubre el Primer Busto de O\u2019Higgins en la Provincia se public\u00f3 primero en DIARIO D3 NOTICIAS | SAN JUAN ARGENTINA.<\/p>\n","protected":false},"excerpt":{"rendered":"<p>En el marco del 207\u00ba aniversario de la Batalla de Chacabuco, un hito trascendental en la historia de Argentina y Chile, se llev\u00f3 a cabo una emotiva celebraci\u00f3n en la provincia de San Juan. El Instituto Cultural Argentino Chileno (ICACHI) lider\u00f3 la gesti\u00f3n para descubrir el primer busto del Brigadier General Bernardo O\u2019Higgins en la sede de la Instituci\u00f3n Sanmartiniana, marcando as\u00ed un momento significativo en la relaci\u00f3n entre ambas naciones.<br \/>\n El acto cont\u00f3 con la distinguida presencia de autoridades representativas del Gobierno de San Juan, entre ellas el ministro de Turismo, Cultura y Deporte, Guido Romero, y la ministra de Gobierno, Laura Palma. Asimismo, estuvieron presentes el c\u00f3nsul de Mendoza, David Quiroga, y destacados l\u00edderes militares como el jefe del RIM 22 de Infanter\u00eda de Monta\u00f1a Coronel, Gaston Pattera, y el segundo comandante de la octava Brigada, coronel Labrausse. La ceremonia tambi\u00e9n cont\u00f3 con la participaci\u00f3n de autoridades del ICACHI, incluido su presidente Ra\u00fal Bu..<\/p>\n","protected":false},"author":2,"featured_media":17679,"comment_status":"","ping_status":"","sticky":false,"template":"","format":"standard","meta":{"footnotes":""},"categories":[8],"tags":[],"_links":{"self":[{"href":"https:\/\/maxradio923.com.ar\/index.php\/wp-json\/wp\/v2\/posts\/17678"}],"collection":[{"href":"https:\/\/maxradio923.com.ar\/index.php\/wp-json\/wp\/v2\/posts"}],"about":[{"href":"https:\/\/maxradio923.com.ar\/index.php\/wp-json\/wp\/v2\/types\/post"}],"author":[{"embeddable":true,"href":"https:\/\/maxradio923.com.ar\/index.php\/wp-json\/wp\/v2\/users\/2"}],"replies":[{"embeddable":true,"href":"https:\/\/maxradio923.com.ar\/index.php\/wp-json\/wp\/v2\/comments?post=17678"}],"version-history":[{"count":0,"href":"https:\/\/maxradio923.com.ar\/index.php\/wp-json\/wp\/v2\/posts\/17678\/revisions"}],"wp:featuredmedia":[{"embeddable":true,"href":"https:\/\/maxradio923.com.ar\/index.php\/wp-json\/wp\/v2\/media\/17679"}],"wp:attachment":[{"href":"https:\/\/maxradio923.com.ar\/index.php\/wp-json\/wp\/v2\/media?parent=17678"}],"wp:term":[{"taxonomy":"category","embeddable":true,"href":"https:\/\/maxradio923.com.ar\/index.php\/wp-json\/wp\/v2\/categories?post=17678"},{"taxonomy":"post_tag","embeddable":true,"href":"https:\/\/maxradio923.com.ar\/index.php\/wp-json\/wp\/v2\/tags?post=17678"}],"curies":[{"name":"wp","href":"https:\/\/api.w.org\/{rel}","templated":true}]}}