{"id":17676,"date":"2024-02-13T13:41:18","date_gmt":"2024-02-13T16:41:18","guid":{"rendered":"https:\/\/maxradio923.com.ar\/index.php\/2024\/02\/13\/la-uta-pide-asegurar-el-servicio-del-transporte-ante-la-quita-de-subsidios\/"},"modified":"2024-02-13T13:41:18","modified_gmt":"2024-02-13T16:41:18","slug":"la-uta-pide-asegurar-el-servicio-del-transporte-ante-la-quita-de-subsidios","status":"publish","type":"post","link":"https:\/\/maxradio923.com.ar\/index.php\/2024\/02\/13\/la-uta-pide-asegurar-el-servicio-del-transporte-ante-la-quita-de-subsidios\/","title":{"rendered":"La UTA pide asegurar el servicio del transporte ante la quita de subsidios"},"content":{"rendered":"<p><img decoding=\"async\" src=\"https:\/\/diariod3.com\/wp-content\/uploads\/2024\/01\/linea-2-colectivo-red-tulum-san-juan-empresa-mayojpg.webp\"\/><\/p>\n<p>Recientemente, la Uni\u00f3n Tranviarios Automotor (UTA) expres\u00f3 su \u00abprofunda preocupaci\u00f3n\u00bb por las consecuencias que puede acarrear la quita de subsidios al transporte anunciada por el gobierno nacional, inst\u00f3 a las autoridades nacionales y provinciales a \u00abasegurar la continuidad del servicio p\u00fablico en todo el pa\u00eds\u00bb con la \u00abcolaboraci\u00f3n de todos los sectores\u00bb y advirti\u00f3 que \u00abdecisiones unilaterales o apresuradas\u00bb pueden \u00abprofundizar la crisis\u00bb.<\/p>\n<p>\u00abFrente a un escenario de quita de subsidios luego de varios a\u00f1os de su implementaci\u00f3n, no podemos sino manifestar nuestra profunda preocupaci\u00f3n por las posibles consecuencias que generar\u00e1 dicha medida sobre el desenvolvimiento de la actividad y su repercusi\u00f3n sobre la fuente de empleo de los m\u00e1s de 80.000 compa\u00f1eros trabajadores\u00bb, sostuvo la UTA en un comunicado.<\/p>\n<p>De esta manera, la entidad gremial que representa a trabajadores del transporte p\u00fablico de pasajeros a nivel nacional se refiri\u00f3 a la eliminaci\u00f3n del Fondo Compensador al Transporte P\u00fablico del Interior del Pa\u00eds que fue anunciada ayer por la Secretar\u00eda de Transporte de la Naci\u00f3n.<\/p>\n<p>En el documento la UTA inst\u00f3 tanto a autoridades nacionales como provinciales a \u00abasegurar las condiciones que permitan la continuidad del servicio p\u00fablico\u00bb en todo el pa\u00eds y advirti\u00f3 que la suba de las tarifas \u00abdebe encontrar equidad y proporcionalidad con los ingresos de los trabajadores y sectores m\u00e1s vulnerables\u00bb, principales usuarios del transporte urbano de pasajeros.<\/p>\n<p>\u00abDe no tenerse en cuenta esto, resultar\u00e1 insuficiente el sostenimiento del beneficio del Atributo Social, medida que compartimos y que confiamos no ser\u00e1 alterada o distorsionada por decisiones pol\u00edticas econ\u00f3micas\u00bb, se sostuvo en el comunicado firmado por el secretario general de UTA, Roberto Fern\u00e1ndez.<\/p>\n<p>En esta direcci\u00f3n, la UTA expres\u00f3 su \u00abconvencimiento\u00bb acerca de que es con la \u00abparticipaci\u00f3n de todos los actores -gobiernos, trabajadores y empresas- que se deben encontrar las soluciones a la crisis que envuelve al sector del transporte automotor de pasajeros\u00bb.<\/p>\n<p>Y advirti\u00f3: \u00abDecisiones unilaterales o apresuradas solo conducir\u00e1n a una profundizaci\u00f3n de la crisis\u00bb.<\/p>\n<p>Fuente: Diario de Cuyo<\/p>\n<p>Rivero Cecilia<\/p>\n<p>La entrada <a href=\"https:\/\/diariod3.com\/la-uta-pide-asegurar-el-servicio-del-transporte-ante-la-quita-de-subsidios\/\" rel=\"noreferrer noopener\" target=\"_blank\">La UTA pide asegurar el servicio del transporte ante la quita de subsidios<\/a> se public\u00f3 primero en <a href=\"https:\/\/diariod3.com\/\" rel=\"noreferrer noopener\" target=\"_blank\">DIARIO D3 NOTICIAS | SAN JUAN ARGENTINA<\/a>.<\/p>\n","protected":false},"excerpt":{"rendered":"<p>Recientemente, la Uni\u00f3n Tranviarios Automotor (UTA) expres\u00f3 su \u00abprofunda preocupaci\u00f3n\u00bb por las consecuencias que puede acarrear la quita de subsidios al transporte anunciada por el gobierno nacional, inst\u00f3 a las autoridades nacionales y provinciales a \u00abasegurar la continuidad del servicio p\u00fablico en todo el pa\u00eds\u00bb con la \u00abcolaboraci\u00f3n de todos los sectores\u00bb y advirti\u00f3 que \u00abdecisiones unilaterales o apresuradas\u00bb pueden \u00abprofundizar la crisis\u00bb.<\/p>\n<p>\u00abFrente a un escenario de quita de subsidios luego de varios a\u00f1os de su implementaci\u00f3n, no podemos sino manifestar nuestra profunda preocupaci\u00f3n por las posibles consecuencias que generar\u00e1 dicha medida sobre el desenvolvimiento de la actividad y su repercusi\u00f3n sobre la fuente de empleo de los m\u00e1s de 80.000 compa\u00f1eros trabajadores\u00bb, sostuvo la UTA en un comunicado.<\/p>\n<p>De esta manera, la entidad gremial que representa a trabajadores del transporte p\u00fablico de pasajeros a nivel nacional se refiri\u00f3 a la eliminaci\u00f3n del Fondo Compensador al Transporte P\u00fab..<\/p>\n","protected":false},"author":2,"featured_media":17677,"comment_status":"","ping_status":"","sticky":false,"template":"","format":"standard","meta":{"footnotes":""},"categories":[12],"tags":[],"_links":{"self":[{"href":"https:\/\/maxradio923.com.ar\/index.php\/wp-json\/wp\/v2\/posts\/17676"}],"collection":[{"href":"https:\/\/maxradio923.com.ar\/index.php\/wp-json\/wp\/v2\/posts"}],"about":[{"href":"https:\/\/maxradio923.com.ar\/index.php\/wp-json\/wp\/v2\/types\/post"}],"author":[{"embeddable":true,"href":"https:\/\/maxradio923.com.ar\/index.php\/wp-json\/wp\/v2\/users\/2"}],"replies":[{"embeddable":true,"href":"https:\/\/maxradio923.com.ar\/index.php\/wp-json\/wp\/v2\/comments?post=17676"}],"version-history":[{"count":0,"href":"https:\/\/maxradio923.com.ar\/index.php\/wp-json\/wp\/v2\/posts\/17676\/revisions"}],"wp:featuredmedia":[{"embeddable":true,"href":"https:\/\/maxradio923.com.ar\/index.php\/wp-json\/wp\/v2\/media\/17677"}],"wp:attachment":[{"href":"https:\/\/maxradio923.com.ar\/index.php\/wp-json\/wp\/v2\/media?parent=17676"}],"wp:term":[{"taxonomy":"category","embeddable":true,"href":"https:\/\/maxradio923.com.ar\/index.php\/wp-json\/wp\/v2\/categories?post=17676"},{"taxonomy":"post_tag","embeddable":true,"href":"https:\/\/maxradio923.com.ar\/index.php\/wp-json\/wp\/v2\/tags?post=17676"}],"curies":[{"name":"wp","href":"https:\/\/api.w.org\/{rel}","templated":true}]}}