{"id":17674,"date":"2024-02-13T13:41:17","date_gmt":"2024-02-13T16:41:17","guid":{"rendered":"https:\/\/maxradio923.com.ar\/index.php\/2024\/02\/13\/macri-desconfia-de-milei-y-le-sube-el-precio-al-acuerdo-pro-lla\/"},"modified":"2024-02-13T13:41:17","modified_gmt":"2024-02-13T16:41:17","slug":"macri-desconfia-de-milei-y-le-sube-el-precio-al-acuerdo-pro-lla","status":"publish","type":"post","link":"https:\/\/maxradio923.com.ar\/index.php\/2024\/02\/13\/macri-desconfia-de-milei-y-le-sube-el-precio-al-acuerdo-pro-lla\/","title":{"rendered":"Macri desconf\u00eda de Milei y le sube el precio al acuerdo PRO-LLA"},"content":{"rendered":"<p><img decoding=\"async\" src=\"https:\/\/diariod3.com\/wp-content\/uploads\/2024\/02\/foto-macri-milei-bullrich-1jpg-1.png\"\/><\/p>\n<p>Por Ezequiel Rudman<\/p>\n<figure><figcaption>\n<\/figcaption><\/figure>\n<p>La<strong> jubilaciones cayeron al nivel adquisitivo m\u00e1s bajo desde 2001<\/strong>. El boleto de colectivo se ir\u00e1 encima de los 1.000 pesos por la quita de subsidios y varias localidades del interior ya advierten que podr\u00edan suspender el servicio de transporte p\u00fablico de pasajeros. El recorte al fondo de incentivo docente pone en suspenso el inicio de las clases. El gabinete est\u00e1 diezmado luego de las renuncias del titular de la Anses, la Secretaria de Energ\u00eda, en represalia a los gobernadores <strong>Martin Llaryora<\/strong> (C\u00f3rdoba) y <strong>Gustavo Sa\u00e9nz<\/strong> (Salta), adem\u00e1s de la salida de <strong>Guillermo Ferraro<\/strong> del Ministerio de Infraestructura.<\/p>\n<p>Exultante por la gira espiritual que realiz\u00f3 por<strong> Israel y el Vaticano<\/strong>, <strong>Javier Milei regres\u00f3 al pa\u00eds aplaudido en la cabina de primera clase<\/strong> de un vuelo de l\u00ednea. El Presidente deber\u00e1 sumergirse ahora en la agenda dom\u00e9stica y en el redise\u00f1o del gabinete que tiene cada vez m\u00e1s puestos vacantes. El gobierno nacional repele acuerdos y aliados. R<strong>ompi\u00f3 la mesa de negociaciones con los gobernadores a quienes trata de delincuentes y con los bloques \u201cdialoguistas\u201d del Congreso.<\/strong><\/p>\n<p>A\u00fan falta, adem\u00e1s que la Corte Suprema, o el Congreso, se expida sobre la validez del DNU 70\/2023 la principal y \u00fanica herramienta de pol\u00edtica econ\u00f3mica que le queda en pie a la Casa Rosada. Un constitucionalista cercano al macrismo explic\u00f3 ante la consulta de <strong>\u00c1mbito<\/strong> que, se respetar su jurisprudencia, el M\u00e1ximo tribunal, deber\u00eda rechazar el decreto.<\/p>\n<p>En ese contexto de extrema debilidad pol\u00edtica y fragilidad institucional, Milei entablar\u00e1 negociaciones con Mauricio Macri para explorar un escenario de cogobierno con el <strong>PRO<\/strong>. Pero <strong>La Libertad Avanza<\/strong> ahora le genera dudas y desconfianza no s\u00f3lo al ex presidente sino a su tropa. Los acuciantes problemas de gesti\u00f3n repelen a las principales figuras de <strong>PRO <\/strong>como <strong>Diego Santilli <\/strong>quien pidi\u00f3 debatir los t\u00e9rminos de ese eventual acuerdo puertas adentro del partido amarillo. Tampoco <strong>Mar\u00eda Eugenia Vidal <\/strong>se mostr\u00f3 disponible para desembarcar en Anses, donde ya empez\u00f3 q circular el nombre de <strong>Alejo Maxit,<\/strong> un ex funcionario de Cambiemos que estuvo a cargo de la ventanilla \u00fanica en esa dependencia durante la gesti\u00f3n de <strong>Emilio Basavilbaso<\/strong> bajo la presidencia de Macri.<\/p>\n<p>Al ex presidente le interesa especialmente el decapitado Ministerio de Infraestructura para <strong>Guillermo Dietrich<\/strong>. Una cartera que abarca Transporte y Comunicaciones pero que qued\u00f3 bajo la \u00f3rbita de <strong>Luis \u201cToto\u201d Caputo<\/strong>. Para aceitar el desembarco de sus funcionarios en el gobierno, Macri usa de punto de apoyo a otro Caputo, Santiago. Es su principal aliado para enfrentar al \u201cjefe\u201d, <strong>Karina Milei <\/strong>quien sigue rechazando una fusi\u00f3n entre <strong>PRO <\/strong>y la<strong> Libertad Avanza.<\/strong><\/p>\n<p>\u201cCuando vuelvas, hablamos\u201d. Casi con desd\u00e9n, Macri intercambi\u00f3 mensajes con Milei desde Israel y Roma. El v\u00ednculo est\u00e1 deteriorado y el ex presidente, desilusionado. Admira la convicci\u00f3n de Milei para llevar adelante el ajuste sin medir los costos pol\u00edticos pero duda de su capacidad de gesti\u00f3n.<strong> Sin aliados y enfrentado con los gobernadores, Milei ahora se recluye en su c\u00edrculo intimo. <\/strong>Y espera el llamado de Macri.<\/p>\n<p>Fuente: \u00c1mbito<\/p>\n<p>Rivero Cecilia<\/p>\n<p>La entrada <a href=\"https:\/\/diariod3.com\/macri-desconfia-de-milei-y-le-sube-el-precio-al-acuerdo-pro-lla\/\" rel=\"noreferrer noopener\" target=\"_blank\">Macri desconf\u00eda de Milei y le sube el precio al acuerdo PRO-LLA<\/a> se public\u00f3 primero en <a href=\"https:\/\/diariod3.com\/\" rel=\"noreferrer noopener\" target=\"_blank\">DIARIO D3 NOTICIAS | SAN JUAN ARGENTINA<\/a>.<\/p>\n","protected":false},"excerpt":{"rendered":"<p>Por Ezequiel Rudman<\/p>\n<p>La jubilaciones cayeron al nivel adquisitivo m\u00e1s bajo desde 2001. El boleto de colectivo se ir\u00e1 encima de los 1.000 pesos por la quita de subsidios y varias localidades del interior ya advierten que podr\u00edan suspender el servicio de transporte p\u00fablico de pasajeros. El recorte al fondo de incentivo docente pone en suspenso el inicio de las clases. El gabinete est\u00e1 diezmado luego de las renuncias del titular de la Anses, la Secretaria de Energ\u00eda, en represalia a los gobernadores Martin Llaryora (C\u00f3rdoba) y Gustavo Sa\u00e9nz (Salta), adem\u00e1s de la salida de Guillermo Ferraro del Ministerio de Infraestructura.<\/p>\n<p>Exultante por la gira espiritual que realiz\u00f3 por Israel y el Vaticano, Javier Milei regres\u00f3 al pa\u00eds aplaudido en la cabina de primera clase de un vuelo de l\u00ednea. El Presidente deber\u00e1 sumergirse ahora en la agenda dom\u00e9stica y en el redise\u00f1o del gabinete que tiene cada vez m\u00e1s puestos vacantes. El gobierno nacional repele acuerdos y aliados. Rompi\u00f3 la mesa de negociacio..<\/p>\n","protected":false},"author":2,"featured_media":17675,"comment_status":"","ping_status":"","sticky":false,"template":"","format":"standard","meta":{"footnotes":""},"categories":[12],"tags":[],"_links":{"self":[{"href":"https:\/\/maxradio923.com.ar\/index.php\/wp-json\/wp\/v2\/posts\/17674"}],"collection":[{"href":"https:\/\/maxradio923.com.ar\/index.php\/wp-json\/wp\/v2\/posts"}],"about":[{"href":"https:\/\/maxradio923.com.ar\/index.php\/wp-json\/wp\/v2\/types\/post"}],"author":[{"embeddable":true,"href":"https:\/\/maxradio923.com.ar\/index.php\/wp-json\/wp\/v2\/users\/2"}],"replies":[{"embeddable":true,"href":"https:\/\/maxradio923.com.ar\/index.php\/wp-json\/wp\/v2\/comments?post=17674"}],"version-history":[{"count":0,"href":"https:\/\/maxradio923.com.ar\/index.php\/wp-json\/wp\/v2\/posts\/17674\/revisions"}],"wp:featuredmedia":[{"embeddable":true,"href":"https:\/\/maxradio923.com.ar\/index.php\/wp-json\/wp\/v2\/media\/17675"}],"wp:attachment":[{"href":"https:\/\/maxradio923.com.ar\/index.php\/wp-json\/wp\/v2\/media?parent=17674"}],"wp:term":[{"taxonomy":"category","embeddable":true,"href":"https:\/\/maxradio923.com.ar\/index.php\/wp-json\/wp\/v2\/categories?post=17674"},{"taxonomy":"post_tag","embeddable":true,"href":"https:\/\/maxradio923.com.ar\/index.php\/wp-json\/wp\/v2\/tags?post=17674"}],"curies":[{"name":"wp","href":"https:\/\/api.w.org\/{rel}","templated":true}]}}