{"id":17672,"date":"2024-02-13T13:41:06","date_gmt":"2024-02-13T16:41:06","guid":{"rendered":"https:\/\/maxradio923.com.ar\/index.php\/2024\/02\/13\/avance-ambiental-en-rawson-convenio-para-el-reciclado-de-neumaticos-en-desuso\/"},"modified":"2024-02-13T13:41:06","modified_gmt":"2024-02-13T16:41:06","slug":"avance-ambiental-en-rawson-convenio-para-el-reciclado-de-neumaticos-en-desuso","status":"publish","type":"post","link":"https:\/\/maxradio923.com.ar\/index.php\/2024\/02\/13\/avance-ambiental-en-rawson-convenio-para-el-reciclado-de-neumaticos-en-desuso\/","title":{"rendered":"Avance ambiental en Rawson: Convenio para el reciclado de neum\u00e1ticos en desuso"},"content":{"rendered":"\n<p>A partir de la pr\u00f3xima semana, el municipio, encabezado por Nicol\u00e1s Espejo, director de Ambiente y Espacios Verdes, llevar\u00e1 a cabo la recolecci\u00f3n de neum\u00e1ticos en desuso y los trasladar\u00e1 a la planta de Indram SA en el Parque Industrial Tecnol\u00f3gico Ambiental Regional (Pitar) para su tratamiento.<\/p>\n<p>Espejo destac\u00f3 la importancia de este convenio para abordar la problem\u00e1tica ambiental relacionada con los neum\u00e1ticos abandonados en la v\u00eda p\u00fablica y acumulados en las gomer\u00edas. Hasta ahora, la falta de un lugar adecuado para su acopio dificultaba la recolecci\u00f3n, pero gracias a este acuerdo, se espera una mejora significativa en la gesti\u00f3n de estos residuos.<\/p>\n<p>En virtud de este convenio, el municipio recibir\u00e1 una proporci\u00f3n del material procesado, como caucho granulado, que podr\u00e1 ser utilizado en proyectos de obra p\u00fablica, como la construcci\u00f3n de veredas en plazas y espacios verdes. Esta iniciativa refleja un enfoque de econom\u00eda circular, promoviendo la reutilizaci\u00f3n de materiales y contribuyendo a la sostenibilidad ambiental.<\/p>\n<p>El director de Ambiente subray\u00f3 que se establecer\u00e1n lugares espec\u00edficos donde los vecinos podr\u00e1n dejar neum\u00e1ticos usados y, a cambio, recibir compost o plantines. Se llevar\u00e1n a cabo campa\u00f1as de informaci\u00f3n y concientizaci\u00f3n para destacar la importancia de una disposici\u00f3n final adecuada de los neum\u00e1ticos, fomentando su recolecci\u00f3n y reutilizaci\u00f3n.<\/p>\n<p>Juli\u00e1n Romero, representante de Indram S.A, enfatiz\u00f3 que la empresa utiliza procesos mec\u00e1nicos sin agentes qu\u00edmicos ni procesos t\u00e9rmicos, destacando su compromiso con un modelo innovador y \u00fanico de econom\u00eda circular, donde los cauchos tratados encuentran una segunda vida de utilidad. Este paso hacia el reciclado responsable marca un hito positivo en la gesti\u00f3n ambiental de Rawson.<\/p>\n<p>Op: Juan Llarena<\/p>\n","protected":false},"excerpt":{"rendered":"<p>A partir de la pr\u00f3xima semana, el municipio, encabezado por Nicol\u00e1s Espejo, director de Ambiente y Espacios Verdes, llevar\u00e1 a cabo la recolecci\u00f3n de neum\u00e1ticos en desuso y los trasladar\u00e1 a la planta de Indram SA en el Parque Industrial Tecnol\u00f3gico Ambiental Regional (Pitar) para su tratamiento.<br \/>\n Espejo destac\u00f3 la importancia de este convenio para abordar la problem\u00e1tica ambiental relacionada con los neum\u00e1ticos abandonados en la v\u00eda p\u00fablica y acumulados en las gomer\u00edas. Hasta ahora, la falta de un lugar adecuado para su acopio dificultaba la recolecci\u00f3n, pero gracias a este acuerdo, se espera una mejora significativa en la gesti\u00f3n de estos residuos.<br \/>\n En virtud de este convenio, el municipio recibir\u00e1 una proporci\u00f3n del material procesado, como caucho granulado, que podr\u00e1 ser utilizado en proyectos de obra p\u00fablica, como la construcci\u00f3n de veredas en plazas y espacios verdes. Esta iniciativa refleja un enfoque de econom\u00eda circular, promoviendo la reutilizaci\u00f3n de materiales y contribuyendo..<\/p>\n","protected":false},"author":2,"featured_media":17673,"comment_status":"","ping_status":"","sticky":false,"template":"","format":"standard","meta":{"footnotes":""},"categories":[5],"tags":[],"_links":{"self":[{"href":"https:\/\/maxradio923.com.ar\/index.php\/wp-json\/wp\/v2\/posts\/17672"}],"collection":[{"href":"https:\/\/maxradio923.com.ar\/index.php\/wp-json\/wp\/v2\/posts"}],"about":[{"href":"https:\/\/maxradio923.com.ar\/index.php\/wp-json\/wp\/v2\/types\/post"}],"author":[{"embeddable":true,"href":"https:\/\/maxradio923.com.ar\/index.php\/wp-json\/wp\/v2\/users\/2"}],"replies":[{"embeddable":true,"href":"https:\/\/maxradio923.com.ar\/index.php\/wp-json\/wp\/v2\/comments?post=17672"}],"version-history":[{"count":0,"href":"https:\/\/maxradio923.com.ar\/index.php\/wp-json\/wp\/v2\/posts\/17672\/revisions"}],"wp:featuredmedia":[{"embeddable":true,"href":"https:\/\/maxradio923.com.ar\/index.php\/wp-json\/wp\/v2\/media\/17673"}],"wp:attachment":[{"href":"https:\/\/maxradio923.com.ar\/index.php\/wp-json\/wp\/v2\/media?parent=17672"}],"wp:term":[{"taxonomy":"category","embeddable":true,"href":"https:\/\/maxradio923.com.ar\/index.php\/wp-json\/wp\/v2\/categories?post=17672"},{"taxonomy":"post_tag","embeddable":true,"href":"https:\/\/maxradio923.com.ar\/index.php\/wp-json\/wp\/v2\/tags?post=17672"}],"curies":[{"name":"wp","href":"https:\/\/api.w.org\/{rel}","templated":true}]}}