{"id":17642,"date":"2024-02-12T21:38:58","date_gmt":"2024-02-13T00:38:58","guid":{"rendered":"https:\/\/maxradio923.com.ar\/index.php\/2024\/02\/12\/desconcierto-entre-los-gobernadores-por-la-radicalizacion-del-ejecutivo-advierten-que-sin-canales-de-dialogo-sera-la-justicia-la-que-resuelva-el-recorte-de-los-fondos-federales\/"},"modified":"2024-02-12T21:38:58","modified_gmt":"2024-02-13T00:38:58","slug":"desconcierto-entre-los-gobernadores-por-la-radicalizacion-del-ejecutivo-advierten-que-sin-canales-de-dialogo-sera-la-justicia-la-que-resuelva-el-recorte-de-los-fondos-federales","status":"publish","type":"post","link":"https:\/\/maxradio923.com.ar\/index.php\/2024\/02\/12\/desconcierto-entre-los-gobernadores-por-la-radicalizacion-del-ejecutivo-advierten-que-sin-canales-de-dialogo-sera-la-justicia-la-que-resuelva-el-recorte-de-los-fondos-federales\/","title":{"rendered":"Desconcierto entre los gobernadores por la &#8220;radicalizaci\u00f3n&#8221; del Ejecutivo: advierten que sin canales de di\u00e1logo ser\u00e1 la Justicia la que resuelva el recorte de los fondos federales"},"content":{"rendered":"<ul>\n<li>Algunos piden &quot;una discusi\u00f3n m\u00e1s amplia&quot; para destrabar varios temas con Milei.<\/li>\n<li>En el chat de mandatarios provinciales ya se articularon varios reclamos puntuales.<\/li>\n<\/ul>\n","protected":false},"excerpt":{"rendered":"<p>Algunos piden &#8220;una discusi\u00f3n m\u00e1s amplia&#8221; para destrabar varios temas con Milei.En el chat de mandatarios provinciales ya se articularon varios reclamos puntuales.<\/p>\n","protected":false},"author":2,"featured_media":17643,"comment_status":"","ping_status":"","sticky":false,"template":"","format":"standard","meta":{"footnotes":""},"categories":[7],"tags":[],"_links":{"self":[{"href":"https:\/\/maxradio923.com.ar\/index.php\/wp-json\/wp\/v2\/posts\/17642"}],"collection":[{"href":"https:\/\/maxradio923.com.ar\/index.php\/wp-json\/wp\/v2\/posts"}],"about":[{"href":"https:\/\/maxradio923.com.ar\/index.php\/wp-json\/wp\/v2\/types\/post"}],"author":[{"embeddable":true,"href":"https:\/\/maxradio923.com.ar\/index.php\/wp-json\/wp\/v2\/users\/2"}],"replies":[{"embeddable":true,"href":"https:\/\/maxradio923.com.ar\/index.php\/wp-json\/wp\/v2\/comments?post=17642"}],"version-history":[{"count":0,"href":"https:\/\/maxradio923.com.ar\/index.php\/wp-json\/wp\/v2\/posts\/17642\/revisions"}],"wp:featuredmedia":[{"embeddable":true,"href":"https:\/\/maxradio923.com.ar\/index.php\/wp-json\/wp\/v2\/media\/17643"}],"wp:attachment":[{"href":"https:\/\/maxradio923.com.ar\/index.php\/wp-json\/wp\/v2\/media?parent=17642"}],"wp:term":[{"taxonomy":"category","embeddable":true,"href":"https:\/\/maxradio923.com.ar\/index.php\/wp-json\/wp\/v2\/categories?post=17642"},{"taxonomy":"post_tag","embeddable":true,"href":"https:\/\/maxradio923.com.ar\/index.php\/wp-json\/wp\/v2\/tags?post=17642"}],"curies":[{"name":"wp","href":"https:\/\/api.w.org\/{rel}","templated":true}]}}