{"id":17640,"date":"2024-02-12T21:15:33","date_gmt":"2024-02-13T00:15:33","guid":{"rendered":"https:\/\/maxradio923.com.ar\/index.php\/2024\/02\/12\/oficial-de-policia-de-san-juan-enfrenta-acusaciones-tras-mortal-persecucion-testimonios-y-versiones-en-audiencia\/"},"modified":"2024-02-12T21:15:33","modified_gmt":"2024-02-13T00:15:33","slug":"oficial-de-policia-de-san-juan-enfrenta-acusaciones-tras-mortal-persecucion-testimonios-y-versiones-en-audiencia","status":"publish","type":"post","link":"https:\/\/maxradio923.com.ar\/index.php\/2024\/02\/12\/oficial-de-policia-de-san-juan-enfrenta-acusaciones-tras-mortal-persecucion-testimonios-y-versiones-en-audiencia\/","title":{"rendered":"Oficial de Polic\u00eda de San Juan enfrenta acusaciones tras mortal persecuci\u00f3n; Testimonios y versiones en audiencia"},"content":{"rendered":"<p><img decoding=\"async\" src=\"https:\/\/diariod3.com\/wp-content\/uploads\/2024\/02\/policia2.jpg_1057082476.webp\"\/> <\/p>\n<p>El oficial de la Polic\u00eda de San Juan, Ricardo Rodr\u00edguez Garay, se encuentra en el ojo del hurac\u00e1n luego de protagonizar una balacera que result\u00f3 en la muerte de Gast\u00f3n Orihuela durante una intensa persecuci\u00f3n el pasado viernes en el departamento Valle F\u00e9rtil. En la audiencia de formalizaci\u00f3n, Rodr\u00edguez dio su versi\u00f3n de los hechos, alegando que su intenci\u00f3n nunca fue causar la muerte, sino detener la marcha del cami\u00f3n que, seg\u00fan \u00e9l, pon\u00eda en riesgo vidas.<\/p>\n<p>Rodr\u00edguez, quien ten\u00eda el derecho de permanecer en silencio, opt\u00f3 por hablar y expres\u00f3 que el cami\u00f3n zigzagueaba peligrosamente por una ruta provincial, poniendo en riesgo la vida de terceros, incluida la suya propia, as\u00ed como la de los polic\u00edas que llevaban adelante la persecuci\u00f3n. Afirm\u00f3 que trat\u00f3 de persuadir al conductor para que detuviera el veh\u00edculo y que su acci\u00f3n fue en respuesta a una resistencia y atentado a la autoridad, consider\u00e1ndolo ya un delito.<\/p>\n<p>\u00abLo \u00fanico que yo intent\u00e9 hacer en todo momento fue persuadir al conductor para que detuviera la marcha del rodado. Jam\u00e1s, jam\u00e1s, bajo ninguna circunstancia mi intenci\u00f3n fue causar la muerte. Lo \u00fanico que estaba tratando es que detuviera la marcha\u00bb, explic\u00f3 Rodr\u00edguez ante la jueza de Garant\u00edas, Flavia Allende.<\/p>\n<p>Sin embargo, el testimonio de la agente de la Polic\u00eda de San Juan, de apellido Aciar, quien estaba presente en el patrullero durante la persecuci\u00f3n, arroj\u00f3 detalles comprometedores sobre el comportamiento de Rodr\u00edguez. Aciar revel\u00f3 que el oficial dispar\u00f3 al menos 16 tiros sobre el cami\u00f3n, varios de los cuales impactaron en Orihuela. Al finalizar la persecuci\u00f3n, Rodr\u00edguez, frente al cuerpo de Orihuela, expres\u00f3: \u00abMe la mand\u00e9, creo que se muri\u00f3\u00bb.<\/p>\n<p>Estas declaraciones generaron una extra\u00f1a mueca en el rostro del oficial, quien parec\u00eda desconocer que se haya pronunciado de esa manera. Este testimonio se suma a la complejidad del caso, donde Rodr\u00edguez ya enfrenta acusaciones de homicidio agravado.<\/p>\n<p>La versi\u00f3n de la agente Aciar pone en evidencia la magnitud de la violencia desplegada durante la persecuci\u00f3n, comprometiendo a\u00fan m\u00e1s la posici\u00f3n del oficial. Mientras el proceso legal sigue su curso, la sociedad espera respuestas claras sobre los eventos que llevaron a la tr\u00e1gica muerte de Gast\u00f3n Orihuela y la actuaci\u00f3n de la Polic\u00eda en este caso.<\/p>\n<p>La entrada Oficial de Polic\u00eda de San Juan enfrenta acusaciones tras mortal persecuci\u00f3n; Testimonios y versiones en audiencia se public\u00f3 primero en DIARIO D3 NOTICIAS | SAN JUAN ARGENTINA.<\/p>\n","protected":false},"excerpt":{"rendered":"<p>El oficial de la Polic\u00eda de San Juan, Ricardo Rodr\u00edguez Garay, se encuentra en el ojo del hurac\u00e1n luego de protagonizar una balacera que result\u00f3 en la muerte de Gast\u00f3n Orihuela durante una intensa persecuci\u00f3n el pasado viernes en el departamento Valle F\u00e9rtil. En la audiencia de formalizaci\u00f3n, Rodr\u00edguez dio su versi\u00f3n de los hechos, alegando que su intenci\u00f3n nunca fue causar la muerte, sino detener la marcha del cami\u00f3n que, seg\u00fan \u00e9l, pon\u00eda en riesgo vidas.<br \/>\n Rodr\u00edguez, quien ten\u00eda el derecho de permanecer en silencio, opt\u00f3 por hablar y expres\u00f3 que el cami\u00f3n zigzagueaba peligrosamente por una ruta provincial, poniendo en riesgo la vida de terceros, incluida la suya propia, as\u00ed como la de los polic\u00edas que llevaban adelante la persecuci\u00f3n. Afirm\u00f3 que trat\u00f3 de persuadir al conductor para que detuviera el veh\u00edculo y que su acci\u00f3n fue en respuesta a una resistencia y atentado a la autoridad, consider\u00e1ndolo ya un delito.<br \/>\n \u00abLo \u00fanico que yo intent\u00e9 hacer en todo momento fue persuadir al conductor..<\/p>\n","protected":false},"author":2,"featured_media":17641,"comment_status":"","ping_status":"","sticky":false,"template":"","format":"standard","meta":{"footnotes":""},"categories":[8],"tags":[],"_links":{"self":[{"href":"https:\/\/maxradio923.com.ar\/index.php\/wp-json\/wp\/v2\/posts\/17640"}],"collection":[{"href":"https:\/\/maxradio923.com.ar\/index.php\/wp-json\/wp\/v2\/posts"}],"about":[{"href":"https:\/\/maxradio923.com.ar\/index.php\/wp-json\/wp\/v2\/types\/post"}],"author":[{"embeddable":true,"href":"https:\/\/maxradio923.com.ar\/index.php\/wp-json\/wp\/v2\/users\/2"}],"replies":[{"embeddable":true,"href":"https:\/\/maxradio923.com.ar\/index.php\/wp-json\/wp\/v2\/comments?post=17640"}],"version-history":[{"count":0,"href":"https:\/\/maxradio923.com.ar\/index.php\/wp-json\/wp\/v2\/posts\/17640\/revisions"}],"wp:featuredmedia":[{"embeddable":true,"href":"https:\/\/maxradio923.com.ar\/index.php\/wp-json\/wp\/v2\/media\/17641"}],"wp:attachment":[{"href":"https:\/\/maxradio923.com.ar\/index.php\/wp-json\/wp\/v2\/media?parent=17640"}],"wp:term":[{"taxonomy":"category","embeddable":true,"href":"https:\/\/maxradio923.com.ar\/index.php\/wp-json\/wp\/v2\/categories?post=17640"},{"taxonomy":"post_tag","embeddable":true,"href":"https:\/\/maxradio923.com.ar\/index.php\/wp-json\/wp\/v2\/tags?post=17640"}],"curies":[{"name":"wp","href":"https:\/\/api.w.org\/{rel}","templated":true}]}}