{"id":17638,"date":"2024-02-12T21:15:32","date_gmt":"2024-02-13T00:15:32","guid":{"rendered":"https:\/\/maxradio923.com.ar\/index.php\/2024\/02\/12\/fortalecimiento-de-la-mediacion-escolar-colaboracion-entre-educacion-y-la-uccuyo\/"},"modified":"2024-02-12T21:15:32","modified_gmt":"2024-02-13T00:15:32","slug":"fortalecimiento-de-la-mediacion-escolar-colaboracion-entre-educacion-y-la-uccuyo","status":"publish","type":"post","link":"https:\/\/maxradio923.com.ar\/index.php\/2024\/02\/12\/fortalecimiento-de-la-mediacion-escolar-colaboracion-entre-educacion-y-la-uccuyo\/","title":{"rendered":"Fortalecimiento de la Mediaci\u00f3n Escolar: Colaboraci\u00f3n entre Educaci\u00f3n y la UCCuyo"},"content":{"rendered":"<p><img decoding=\"async\" src=\"https:\/\/diariod3.com\/wp-content\/uploads\/2024\/02\/53518032169_38219cd540_b.jpg\"\/><\/p>\n<p>El objetivo principal es elaborar estrategias que prevengan e intervengan en situaciones complejas dentro de las escuelas. Se busca brindar asesoramiento a gabinetistas, supervisores, directores y docentes a trav\u00e9s de profesionales de diversas carreras.<\/p>\n<p><img decoding=\"async\" src=\"https:\/\/live.staticflickr.com\/65535\/53517717391_10c10168c8_b.jpg\"\/><\/p>\n<p>Durante el encuentro, se destac\u00f3 la importancia de fortalecer acciones preventivas para mejorar la convivencia escolar y abordar problemas en el aprendizaje o la conducta de los estudiantes. Asimismo, se hizo hincapi\u00e9 en proporcionar apoyo emocional a los educadores que enfrentan situaciones desafiantes en las aulas.<\/p>\n<p>Adem\u00e1s de la atenci\u00f3n a conflictos escolares, se acord\u00f3 impulsar la oferta educativa, especialmente en \u00e1reas remotas, y responder a las demandas de los estudiantes en cuanto a carreras cortas vinculadas a las necesidades del mercado laboral. Tambi\u00e9n se expres\u00f3 el compromiso de continuar fortaleciendo las Pr\u00e1cticas Profesionalizantes.<\/p>\n<p><img decoding=\"async\" src=\"https:\/\/live.staticflickr.com\/65535\/53518032114_533006c6c1_b.jpg\"\/><\/p>\n<p>La Ministra de Educaci\u00f3n resalt\u00f3 la importancia de la colaboraci\u00f3n entre el Ministerio, la universidad y la familia para construir oportunidades y herramientas que permitan a los j\u00f3venes tener un proyecto de vida. Se hizo hincapi\u00e9 en la decisi\u00f3n firme de transformar y mejorar la educaci\u00f3n en la provincia.<\/p>\n<p>Op: Juan Llarena<\/p>\n<p>La entrada Fortalecimiento de la Mediaci\u00f3n Escolar: Colaboraci\u00f3n entre Educaci\u00f3n y la UCCuyo se public\u00f3 primero en DIARIO D3 NOTICIAS | SAN JUAN ARGENTINA.<\/p>\n","protected":false},"excerpt":{"rendered":"<p>El objetivo principal es elaborar estrategias que prevengan e intervengan en situaciones complejas dentro de las escuelas. Se busca brindar asesoramiento a gabinetistas, supervisores, directores y docentes a trav\u00e9s de profesionales de diversas carreras.<\/p>\n<p> Durante el encuentro, se destac\u00f3 la importancia de fortalecer acciones preventivas para mejorar la convivencia escolar y abordar problemas en el aprendizaje o la conducta de los estudiantes. Asimismo, se hizo hincapi\u00e9 en proporcionar apoyo emocional a los educadores que enfrentan situaciones desafiantes en las aulas.<br \/>\n Adem\u00e1s de la atenci\u00f3n a conflictos escolares, se acord\u00f3 impulsar la oferta educativa, especialmente en \u00e1reas remotas, y responder a las demandas de los estudiantes en cuanto a carreras cortas vinculadas a las necesidades del mercado laboral. Tambi\u00e9n se expres\u00f3 el compromiso de continuar fortaleciendo las Pr\u00e1cticas Profesionalizantes.<\/p>\n<p> La Ministra de Educaci\u00f3n resalt\u00f3 la importancia de la colaboraci\u00f3n entre el Ministerio..<\/p>\n","protected":false},"author":2,"featured_media":17639,"comment_status":"","ping_status":"","sticky":false,"template":"","format":"standard","meta":{"footnotes":""},"categories":[8],"tags":[],"_links":{"self":[{"href":"https:\/\/maxradio923.com.ar\/index.php\/wp-json\/wp\/v2\/posts\/17638"}],"collection":[{"href":"https:\/\/maxradio923.com.ar\/index.php\/wp-json\/wp\/v2\/posts"}],"about":[{"href":"https:\/\/maxradio923.com.ar\/index.php\/wp-json\/wp\/v2\/types\/post"}],"author":[{"embeddable":true,"href":"https:\/\/maxradio923.com.ar\/index.php\/wp-json\/wp\/v2\/users\/2"}],"replies":[{"embeddable":true,"href":"https:\/\/maxradio923.com.ar\/index.php\/wp-json\/wp\/v2\/comments?post=17638"}],"version-history":[{"count":0,"href":"https:\/\/maxradio923.com.ar\/index.php\/wp-json\/wp\/v2\/posts\/17638\/revisions"}],"wp:featuredmedia":[{"embeddable":true,"href":"https:\/\/maxradio923.com.ar\/index.php\/wp-json\/wp\/v2\/media\/17639"}],"wp:attachment":[{"href":"https:\/\/maxradio923.com.ar\/index.php\/wp-json\/wp\/v2\/media?parent=17638"}],"wp:term":[{"taxonomy":"category","embeddable":true,"href":"https:\/\/maxradio923.com.ar\/index.php\/wp-json\/wp\/v2\/categories?post=17638"},{"taxonomy":"post_tag","embeddable":true,"href":"https:\/\/maxradio923.com.ar\/index.php\/wp-json\/wp\/v2\/tags?post=17638"}],"curies":[{"name":"wp","href":"https:\/\/api.w.org\/{rel}","templated":true}]}}