{"id":17630,"date":"2024-02-12T21:11:30","date_gmt":"2024-02-13T00:11:30","guid":{"rendered":"https:\/\/maxradio923.com.ar\/index.php\/2024\/02\/12\/milei-dio-una-entrevista-en-la-television-italiana-reconsidere-algunas-posiciones\/"},"modified":"2024-02-12T21:11:30","modified_gmt":"2024-02-13T00:11:30","slug":"milei-dio-una-entrevista-en-la-television-italiana-reconsidere-algunas-posiciones","status":"publish","type":"post","link":"https:\/\/maxradio923.com.ar\/index.php\/2024\/02\/12\/milei-dio-una-entrevista-en-la-television-italiana-reconsidere-algunas-posiciones\/","title":{"rendered":"Milei dio una entrevista en la televisi\u00f3n italiana: \u00abReconsider\u00e9 algunas posiciones\u00bb"},"content":{"rendered":"<p><img decoding=\"async\" src=\"https:\/\/diariod3.com\/wp-content\/uploads\/2024\/02\/milei-la-tv-italianajpg.webp\"\/><\/p>\n<p>El Presidente habl\u00f3 sobre la importancia del Papa como l\u00edder y destac\u00f3 el v\u00ednculo que tendr\u00e1n a partir de ahora<\/p>\n<p><a href=\"https:\/\/media.sanjuan8.com\/p\/fe05bcb5e90dc801a1dfb996322eb196\/adjuntos\/303\/imagenes\/009\/294\/0009294004\/1200x0\/smart\/milei-la-tv-italianajpg.jpg\" rel=\"noreferrer noopener\" target=\"_blank\"><img decoding=\"async\" title=\"Milei dio una entrevista en la televisi\u00f3n italiana: Reconsider\u00e9 algunas posiciones\" src=\"https:\/\/media.sanjuan8.com\/p\/fe05bcb5e90dc801a1dfb996322eb196\/adjuntos\/303\/imagenes\/009\/294\/0009294004\/1200x0\/smart\/milei-la-tv-italianajpg.jpg\" alt=\"Milei dio una entrevista en la televisi\u00f3n italiana: Reconsider\u00e9 algunas posiciones\"\/><\/a><\/p>\n<p>El Papa Francisco recibi\u00f3 este lunes a Javier Milei en una audiencia privada que se extendi\u00f3 por casi una hora. Tras este encuentro, se conoci\u00f3 un adelanto de una entrevista en la que el presidente argentino -reconocido en todo el mundo por haber insultado al Sumo Pont\u00edfice en el pasado- asegur\u00f3 que entendi\u00f3 que \u201cel Papa es la persona m\u00e1s importante de toda la Argentina\u201d.<\/p>\n<p>La entrevista, grabada para ser emitida el lunes por la noche, se hizo el fin de semana en el canal local TV Retequattro. Milei hizo referencia a las cr\u00edticas que hab\u00eda lanzado contra Francisco anteriormente, y asegur\u00f3: \u201cReconsider\u00e9 algunas posiciones y, a partir de ese momento, comenzamos a construir un v\u00ednculo positivo\u201d.<\/p>\n<p>El primer mandatario tambi\u00e9n destac\u00f3 el trabajo que realiz\u00f3 el Gobierno desde que asumi\u00f3 el pasado 10 de diciembre. \u201cUna de las cosas que hemos hecho en estos cincuenta d\u00edas fue iniciar y poner en marcha reformas estructurales. De esas reformas, 350 se consideraron urgentes y 650 se incluyeron en una ley, es decir, la Ley \u2018Bases\u2019. Es interesante, porque el eje central tiene que ver con devolver el poder y la libertad a los argentinos. Y luego hay un segundo punto: avanzar hacia estructuras de mercado m\u00e1s competitivas\u201d, explic\u00f3.<\/p>\n<p>Se\u00f1al\u00f3 adem\u00e1s la importancia que tuvo su llegada al poder. \u201cSoy el primer liberal libertario en ser Presidente, y no es un sentimiento, es una realidad, un hecho. Filos\u00f3ficamente soy un anarcocapitalista y por tanto siento un profundo desprecio por el Estado. Creo que el Estado es el enemigo, una asociaci\u00f3n criminal\u201d, lanz\u00f3, y profundiz\u00f3: \u201dSon un grupo de pol\u00edticos que se ponen de acuerdo y deciden usar el monopolio para robar los recursos del sector privado\u201d.<\/p>\n<p>\u201cLo hacen a trav\u00e9s de la inversi\u00f3n, el comercio y el robo, por lo tanto el Estado es tambi\u00e9n el ladr\u00f3n estacionario m\u00e1s grande del mundo. El Estado te roba a trav\u00e9s de impuestos todos los d\u00edas. El Estado tiene el poder de detener a la gente, pero los pol\u00edticos no se ven afectados ni ven los poderes en juego\u201d, continu\u00f3, reforz\u00f3: \u201cPor eso me di cuenta de que la \u00fanica forma que hab\u00eda para entrar al sistema era dinamitarlo\u201d.<\/p>\n<p>Asimismo, tal como hizo en su discurso en el Foro de Davos, Milei apunt\u00f3 nuevamente contra el socialismo, al que calific\u00f3 de \u201cenfermedad del alma\u201d: \u201cEl socialismo puro fue derrotado por la teor\u00eda econ\u00f3mica. Pens\u00e9 que era un problema de naturaleza mental, pero me di cuenta de que era algo mucho peor. Cuando se aplic\u00f3 bien, asesin\u00f3 a m\u00e1s de 6 millones de seres humanos\u201d.<\/p>\n<p>En \u00faltima instancia, volvi\u00f3 a hablar del \u201cl\u00edder de los cat\u00f3licos en el mundo\u201d, y asegur\u00f3 que representa a una instituci\u00f3n muy importante, \u201cespecialmente en un pa\u00eds como la Argentina, que tiene muchas ra\u00edces cat\u00f3licas\u201d. Esta afirmaci\u00f3n llev\u00f3 a que tenga que referirse a su reciente viaje a Israel -en donde visit\u00f3 sitios importantes para la religi\u00f3n jud\u00eda, como el Muro de los Lamentos-: \u201cSoy cat\u00f3lico y tambi\u00e9n practico un poco el juda\u00edsmo\u201d.<\/p>\n<p>Sobre sus ra\u00edces, detall\u00f3: \u201cSoy 75% italiano, porque los dos padres de mi padre eran italianos y por parte de mi madre eran de origen italiano y yugoslavo. Parece que es bastante atractivo, porque tengo una pasi\u00f3n incre\u00edble por la \u00f3pera italiana. Siempre que pude, por motivos de trabajo en el sector privado, hacer un viaje a Europa, lo hac\u00eda con Alitalia (ahora ITA Airways) porque pod\u00eda parar en Roma\u201d.<\/p>\n<p>Fuente: La Naci\u00f3n<\/p>\n<p>La entrada <a href=\"https:\/\/diariod3.com\/milei-dio-una-entrevista-en-la-television-italiana-reconsidere-algunas-posiciones\/\" rel=\"noreferrer noopener\" target=\"_blank\">Milei dio una entrevista en la televisi\u00f3n italiana: \u00abReconsider\u00e9 algunas posiciones\u00bb<\/a> se public\u00f3 primero en <a href=\"https:\/\/diariod3.com\/\" rel=\"noreferrer noopener\" target=\"_blank\">DIARIO D3 NOTICIAS | SAN JUAN ARGENTINA<\/a>.<\/p>\n","protected":false},"excerpt":{"rendered":"<p>El Presidente habl\u00f3 sobre la importancia del Papa como l\u00edder y destac\u00f3 el v\u00ednculo que tendr\u00e1n a partir de ahora<\/p>\n<p>El Papa Francisco recibi\u00f3 este lunes a Javier Milei en una audiencia privada que se extendi\u00f3 por casi una hora. Tras este encuentro, se conoci\u00f3 un adelanto de una entrevista en la que el presidente argentino -reconocido en todo el mundo por haber insultado al Sumo Pont\u00edfice en el pasado- asegur\u00f3 que entendi\u00f3 que \u201cel Papa es la persona m\u00e1s importante de toda la Argentina\u201d.<\/p>\n<p>La entrevista, grabada para ser emitida el lunes por la noche, se hizo el fin de semana en el canal local TV Retequattro. Milei hizo referencia a las cr\u00edticas que hab\u00eda lanzado contra Francisco anteriormente, y asegur\u00f3: \u201cReconsider\u00e9 algunas posiciones y, a partir de ese momento, comenzamos a construir un v\u00ednculo positivo\u201d.<\/p>\n<p>El primer mandatario tambi\u00e9n destac\u00f3 el trabajo que realiz\u00f3 el Gobierno desde que asumi\u00f3 el pasado 10 de diciembre. \u201cUna de las cosas que hemos hecho en estos cincuenta d\u00edas fue iniciar..<\/p>\n","protected":false},"author":2,"featured_media":17631,"comment_status":"","ping_status":"","sticky":false,"template":"","format":"standard","meta":{"footnotes":""},"categories":[12],"tags":[],"_links":{"self":[{"href":"https:\/\/maxradio923.com.ar\/index.php\/wp-json\/wp\/v2\/posts\/17630"}],"collection":[{"href":"https:\/\/maxradio923.com.ar\/index.php\/wp-json\/wp\/v2\/posts"}],"about":[{"href":"https:\/\/maxradio923.com.ar\/index.php\/wp-json\/wp\/v2\/types\/post"}],"author":[{"embeddable":true,"href":"https:\/\/maxradio923.com.ar\/index.php\/wp-json\/wp\/v2\/users\/2"}],"replies":[{"embeddable":true,"href":"https:\/\/maxradio923.com.ar\/index.php\/wp-json\/wp\/v2\/comments?post=17630"}],"version-history":[{"count":0,"href":"https:\/\/maxradio923.com.ar\/index.php\/wp-json\/wp\/v2\/posts\/17630\/revisions"}],"wp:featuredmedia":[{"embeddable":true,"href":"https:\/\/maxradio923.com.ar\/index.php\/wp-json\/wp\/v2\/media\/17631"}],"wp:attachment":[{"href":"https:\/\/maxradio923.com.ar\/index.php\/wp-json\/wp\/v2\/media?parent=17630"}],"wp:term":[{"taxonomy":"category","embeddable":true,"href":"https:\/\/maxradio923.com.ar\/index.php\/wp-json\/wp\/v2\/categories?post=17630"},{"taxonomy":"post_tag","embeddable":true,"href":"https:\/\/maxradio923.com.ar\/index.php\/wp-json\/wp\/v2\/tags?post=17630"}],"curies":[{"name":"wp","href":"https:\/\/api.w.org\/{rel}","templated":true}]}}