{"id":17628,"date":"2024-02-12T21:00:28","date_gmt":"2024-02-13T00:00:28","guid":{"rendered":"https:\/\/maxradio923.com.ar\/index.php\/2024\/02\/12\/funcionamiento-de-servicios-en-san-juan-durante-el-fin-de-semana-xl-de-carnaval\/"},"modified":"2024-02-12T21:00:28","modified_gmt":"2024-02-13T00:00:28","slug":"funcionamiento-de-servicios-en-san-juan-durante-el-fin-de-semana-xl-de-carnaval","status":"publish","type":"post","link":"https:\/\/maxradio923.com.ar\/index.php\/2024\/02\/12\/funcionamiento-de-servicios-en-san-juan-durante-el-fin-de-semana-xl-de-carnaval\/","title":{"rendered":"Funcionamiento de Servicios en San Juan durante el Fin de Semana XL de Carnaval"},"content":{"rendered":"\n<p>Aqu\u00ed est\u00e1 la informaci\u00f3n detallada sobre c\u00f3mo operar\u00e1n varios servicios durante este periodo:<\/p>\n<p><strong>Administraci\u00f3n P\u00fablica:<\/strong><\/p>\n<ul>\n<li>Sin atenci\u00f3n tanto el lunes como el martes.<\/li>\n<\/ul>\n<p><strong>Comercio:<\/strong><\/p>\n<ul>\n<li>La C\u00e1mara de Comercio sugiri\u00f3 cerrar el lunes 12 y abrir el martes 13 de febrero.<\/li>\n<\/ul>\n<p><strong>Bancos:<\/strong><\/p>\n<ul>\n<li>Cerrados ambos d\u00edas.<\/li>\n<\/ul>\n<p><strong>Transporte P\u00fablico:<\/strong><\/p>\n<ul>\n<li>Funcionar\u00e1 con frecuencias reducidas, similar a un d\u00eda domingo.<\/li>\n<\/ul>\n<p><strong>Capital:<\/strong><\/p>\n<ul>\n<li>Recolecci\u00f3n de residuos y verdes: Actividad normal.<\/li>\n<li>Centro de Atenci\u00f3n al Vecino: Actividad normal.<\/li>\n<li>SEM (Servicio de Emergencias Municipales): Funcionamiento con guardias.<\/li>\n<li>Cementerio: Lunes y martes de 9 a 13 hs. y 16 a 20 hs.<\/li>\n<li>Servicios F\u00fanebres: Actividad normal.<\/li>\n<li>Feria y Mercado de Abasto: Cerrado el lunes, actividad normal el martes.<\/li>\n<li>ECO (Espacio de Concientizaci\u00f3n Ciudadana): Sin actividad el lunes y martes.<\/li>\n<li>Monitores Urbanos y Playa de Remoci\u00f3n: Guardia m\u00ednima en zona de Feria Municipal y Mercado de Abasto.<\/li>\n<\/ul>\n<p>Es importante tener en cuenta esta informaci\u00f3n para planificar las actividades y necesidades durante el fin de semana extendido.<\/p>\n<p>Op: Juan Llarena<\/p>\n","protected":false},"excerpt":{"rendered":"<p>Aqu\u00ed est\u00e1 la informaci\u00f3n detallada sobre c\u00f3mo operar\u00e1n varios servicios durante este periodo:<br \/>\n Administraci\u00f3n P\u00fablica:<br \/>\n Sin atenci\u00f3n tanto el lunes como el martes. Comercio:<br \/>\n La C\u00e1mara de Comercio sugiri\u00f3 cerrar el lunes 12 y abrir el martes 13 de febrero. Bancos:<br \/>\n Cerrados ambos d\u00edas. Transporte P\u00fablico:<br \/>\n Funcionar\u00e1 con frecuencias reducidas, similar a un d\u00eda domingo. Capital:<br \/>\n Recolecci\u00f3n de residuos y verdes: Actividad normal. Centro de Atenci\u00f3n al Vecino: Actividad normal. SEM (Servicio de Emergencias Municipales): Funcionamiento con guardias. Cementerio: Lunes y martes de 9 a 13 hs. y 16 a 20 hs. Servicios F\u00fanebres: Actividad normal. Feria y Mercado de Abasto: Cerrado el lunes, actividad normal el martes. ECO (Espacio de Concientizaci\u00f3n Ciudadana): Sin actividad el lunes y martes. Monitores Urbanos y Playa de Remoci\u00f3n: Guardia m\u00ednima en zona de Feria Municipal y Mercado de Abasto. Es importante tener en cuenta esta informaci\u00f3n para planificar las actividades y necesidades durante ..<\/p>\n","protected":false},"author":2,"featured_media":17629,"comment_status":"","ping_status":"","sticky":false,"template":"","format":"standard","meta":{"footnotes":""},"categories":[5],"tags":[],"_links":{"self":[{"href":"https:\/\/maxradio923.com.ar\/index.php\/wp-json\/wp\/v2\/posts\/17628"}],"collection":[{"href":"https:\/\/maxradio923.com.ar\/index.php\/wp-json\/wp\/v2\/posts"}],"about":[{"href":"https:\/\/maxradio923.com.ar\/index.php\/wp-json\/wp\/v2\/types\/post"}],"author":[{"embeddable":true,"href":"https:\/\/maxradio923.com.ar\/index.php\/wp-json\/wp\/v2\/users\/2"}],"replies":[{"embeddable":true,"href":"https:\/\/maxradio923.com.ar\/index.php\/wp-json\/wp\/v2\/comments?post=17628"}],"version-history":[{"count":0,"href":"https:\/\/maxradio923.com.ar\/index.php\/wp-json\/wp\/v2\/posts\/17628\/revisions"}],"wp:featuredmedia":[{"embeddable":true,"href":"https:\/\/maxradio923.com.ar\/index.php\/wp-json\/wp\/v2\/media\/17629"}],"wp:attachment":[{"href":"https:\/\/maxradio923.com.ar\/index.php\/wp-json\/wp\/v2\/media?parent=17628"}],"wp:term":[{"taxonomy":"category","embeddable":true,"href":"https:\/\/maxradio923.com.ar\/index.php\/wp-json\/wp\/v2\/categories?post=17628"},{"taxonomy":"post_tag","embeddable":true,"href":"https:\/\/maxradio923.com.ar\/index.php\/wp-json\/wp\/v2\/tags?post=17628"}],"curies":[{"name":"wp","href":"https:\/\/api.w.org\/{rel}","templated":true}]}}