{"id":17608,"date":"2024-02-12T20:56:34","date_gmt":"2024-02-12T23:56:34","guid":{"rendered":"https:\/\/maxradio923.com.ar\/index.php\/2024\/02\/12\/centro-cultural-estacion-san-martin-anuncia-su-cartelera-hasta-agosto\/"},"modified":"2024-02-12T20:56:34","modified_gmt":"2024-02-12T23:56:34","slug":"centro-cultural-estacion-san-martin-anuncia-su-cartelera-hasta-agosto","status":"publish","type":"post","link":"https:\/\/maxradio923.com.ar\/index.php\/2024\/02\/12\/centro-cultural-estacion-san-martin-anuncia-su-cartelera-hasta-agosto\/","title":{"rendered":"Centro Cultural Estaci\u00f3n San Mart\u00edn Anuncia Su Cartelera hasta Agosto"},"content":{"rendered":"<p><img decoding=\"async\" src=\"https:\/\/diariod3.com\/wp-content\/uploads\/2024\/02\/descarga-1-3.jpeg\"\/><\/p>\n<p>La cartelera incluir\u00e1 eventos destacados como \u00abSan Juan se viste de arte\u00bb en marzo, con la participaci\u00f3n de 50 artistas sanjuaninos que exhibir\u00e1n diversas t\u00e9cnicas. En abril, se presentar\u00e1 el atelier Alladin, de la pintora Claudia Bonad\u00e9. Sof\u00eda Basa\u00f1es, ganadora del concurso Juego de Damas, inaugurar\u00e1 su exhibici\u00f3n en mayo.<\/p>\n<p>El colectivo art\u00edstico 18 Mundos ser\u00e1 protagonista en junio, mientras que en julio se llevar\u00e1 a cabo el sal\u00f3n de la cuarta edici\u00f3n de Juego de Damas. Agosto recibir\u00e1 a Pablo Henr\u00edquez, tras su \u00faltima exposici\u00f3n en 2022.<\/p>\n<p>En paralelo, se fomenta la interacci\u00f3n con el p\u00fablico mediante actividades adicionales propuestas por los expositores. Entre ellas, se destaca una puesta en escena con body paint en vivo y m\u00fasica a cargo de un DJ local programada para el pr\u00f3ximo viernes.<\/p>\n<p>En los espacios externos, como el and\u00e9n, se realizar\u00e1n programas de streaming y, en marzo, se inaugurar\u00e1 la Feria en la Estaci\u00f3n, un evento destinado a artesanos con la expectativa de realizarlo de forma bimensual. El edificio tambi\u00e9n albergar\u00e1 talleres anuales gratuitos y diversos espect\u00e1culos en el Anfiteatro El Globito, consolidando una variada temporada cultural.<\/p>\n<p>Op: Juan Llarena<\/p>\n<p>La entrada Centro Cultural Estaci\u00f3n San Mart\u00edn Anuncia Su Cartelera hasta Agosto se public\u00f3 primero en DIARIO D3 NOTICIAS | SAN JUAN ARGENTINA.<\/p>\n","protected":false},"excerpt":{"rendered":"<p>La cartelera incluir\u00e1 eventos destacados como \u00abSan Juan se viste de arte\u00bb en marzo, con la participaci\u00f3n de 50 artistas sanjuaninos que exhibir\u00e1n diversas t\u00e9cnicas. En abril, se presentar\u00e1 el atelier Alladin, de la pintora Claudia Bonad\u00e9. Sof\u00eda Basa\u00f1es, ganadora del concurso Juego de Damas, inaugurar\u00e1 su exhibici\u00f3n en mayo.<br \/>\n El colectivo art\u00edstico 18 Mundos ser\u00e1 protagonista en junio, mientras que en julio se llevar\u00e1 a cabo el sal\u00f3n de la cuarta edici\u00f3n de Juego de Damas. Agosto recibir\u00e1 a Pablo Henr\u00edquez, tras su \u00faltima exposici\u00f3n en 2022.<br \/>\n En paralelo, se fomenta la interacci\u00f3n con el p\u00fablico mediante actividades adicionales propuestas por los expositores. Entre ellas, se destaca una puesta en escena con body paint en vivo y m\u00fasica a cargo de un DJ local programada para el pr\u00f3ximo viernes.<br \/>\n En los espacios externos, como el and\u00e9n, se realizar\u00e1n programas de streaming y, en marzo, se inaugurar\u00e1 la Feria en la Estaci\u00f3n, un evento destinado a artesanos con la expectativa de realizarlo d..<\/p>\n","protected":false},"author":2,"featured_media":17609,"comment_status":"","ping_status":"","sticky":false,"template":"","format":"standard","meta":{"footnotes":""},"categories":[10],"tags":[],"_links":{"self":[{"href":"https:\/\/maxradio923.com.ar\/index.php\/wp-json\/wp\/v2\/posts\/17608"}],"collection":[{"href":"https:\/\/maxradio923.com.ar\/index.php\/wp-json\/wp\/v2\/posts"}],"about":[{"href":"https:\/\/maxradio923.com.ar\/index.php\/wp-json\/wp\/v2\/types\/post"}],"author":[{"embeddable":true,"href":"https:\/\/maxradio923.com.ar\/index.php\/wp-json\/wp\/v2\/users\/2"}],"replies":[{"embeddable":true,"href":"https:\/\/maxradio923.com.ar\/index.php\/wp-json\/wp\/v2\/comments?post=17608"}],"version-history":[{"count":0,"href":"https:\/\/maxradio923.com.ar\/index.php\/wp-json\/wp\/v2\/posts\/17608\/revisions"}],"wp:featuredmedia":[{"embeddable":true,"href":"https:\/\/maxradio923.com.ar\/index.php\/wp-json\/wp\/v2\/media\/17609"}],"wp:attachment":[{"href":"https:\/\/maxradio923.com.ar\/index.php\/wp-json\/wp\/v2\/media?parent=17608"}],"wp:term":[{"taxonomy":"category","embeddable":true,"href":"https:\/\/maxradio923.com.ar\/index.php\/wp-json\/wp\/v2\/categories?post=17608"},{"taxonomy":"post_tag","embeddable":true,"href":"https:\/\/maxradio923.com.ar\/index.php\/wp-json\/wp\/v2\/tags?post=17608"}],"curies":[{"name":"wp","href":"https:\/\/api.w.org\/{rel}","templated":true}]}}