{"id":17596,"date":"2024-02-12T00:14:20","date_gmt":"2024-02-12T03:14:20","guid":{"rendered":"https:\/\/maxradio923.com.ar\/index.php\/2024\/02\/12\/monsenor-ojea-alerto-por-las-heridas-del-pais-e-insto-a-unirnos-finalmente\/"},"modified":"2024-02-12T00:14:20","modified_gmt":"2024-02-12T03:14:20","slug":"monsenor-ojea-alerto-por-las-heridas-del-pais-e-insto-a-unirnos-finalmente","status":"publish","type":"post","link":"https:\/\/maxradio923.com.ar\/index.php\/2024\/02\/12\/monsenor-ojea-alerto-por-las-heridas-del-pais-e-insto-a-unirnos-finalmente\/","title":{"rendered":"Monse\u00f1or Ojea alert\u00f3 por las \u00abheridas\u00bb del pa\u00eds e inst\u00f3 a \u00abunirnos finalmente\u00bb"},"content":{"rendered":"<p><img decoding=\"async\" src=\"https:\/\/diariod3.com\/wp-content\/uploads\/2024\/02\/6431672e75fdc_1200.jpg\"\/><\/p>\n<p> \u00abQu\u00e9 falta nos hace en este momento de la vida del pa\u00eds, con tantas heridas, con tantas lastimaduras, poder compartir entre distintas culturas, distintas miradas, poder compartir para poder llevar el pa\u00eds adelante, nuestras miradas y unirnos finalmente\u00bb, reflexion\u00f3 el obispo de San Isidro en su reflexi\u00f3n pastoral, el d\u00eda de la canonizaci\u00f3n de Mama Antula.<\/p>\n<figure><img decoding=\"async\" src=\"https:\/\/www.telam.com.ar\/thumbs\/bluesteel\/advf\/imagenes\/2023\/04\/6431672e75fdc_1200.jpg\" alt=\"Ojea tambin es presidente de la conferencia Episcopal Argentina \"\/><figcaption>Ojea tambi\u00e9n es presidente de la conferencia Episcopal Argentina.<\/figcaption><\/figure>\n<p>El obispo de San Isidro y presidente de la <strong>Conferencia Episcopal Argentina (CEA), monse\u00f1or Oscar Ojea<\/strong>, llam\u00f3 este domingo a la uni\u00f3n de la sociedad, en un momento en que el pa\u00eds sufre, alert\u00f3, \u00abtantas heridas y tantas lastimaduras\u00bb.<\/p>\n<p>Monse\u00f1or Ojea hizo estas afirmaciones en su reflexi\u00f3n pastoral dominical, enmarcada en<strong> la canonizaci\u00f3n de Mar\u00eda Antonia de Paz y Figueroa, Mama Antula.<\/strong><\/p>\n<p>El prelado apel\u00f3 al relato b\u00edblico de la cura del leproso y dijo que \u00abJes\u00fas se conmueve y se compadece frente al l\u00edmite y a la miseria humana. Se conmueve justamente cuando el leproso se inclina ante \u00c9l, de rodillas, <strong>este acto de humildad que lo hace consciente de su propia limitaci\u00f3n\u00bb.<\/strong><\/p>\n<p>\u00abEl Se\u00f1or, de alguna manera, vibra en el coraz\u00f3n cuando somos conscientes de nuestra debilidad, de nuestro pecado, de nuestra miseria; cuando no miramos para otro lado, sino cuando reconocemos lo nuestro. Esto es lo que provoca la compasi\u00f3n, este padecer con\u00bb, enfatiz\u00f3 en su mensaje, difundido por la agencia AICA.<\/p>\n<p>En ese punto se refiri\u00f3 a Mama Antula, y dijo que<strong> \u00abel amor de Jes\u00fas fue lo que la llev\u00f3\u00bb a ser \u00abuna verdadera peregrina de esperanza\u00bb.<\/strong><\/p>\n<p>Agreg\u00f3 que la flamante santa \u00absale de Santiago del Estero y recorre varias provincias para que otros hermanos puedan vivir en sus corazones el encuentro con Cristo a trav\u00e9s del Evangelio con el m\u00e9todo de los ejercicios de San Ignacio\u00bb, y destac\u00f3 que \u00abel acto de los ejercicios un\u00eda en la oraci\u00f3n de Jes\u00fas y el conocimiento de Jes\u00fas a todos\u00bb.<\/p>\n<p>All\u00ed Ojea la uni\u00f3 directamente con la realidad actual y dijo: \u00abQu\u00e9 falta nos hace a nosotros en este momento de la vida del pa\u00eds, con tantas heridas, con tantas lastimaduras, poder compartir entre distintas culturas, distintas miradas, poder compartir <strong>para poder llevar el pa\u00eds adelante, nuestras miradas y unirnos finalmente\u00bb.<\/strong><\/p>\n<p>\u00abQue la gracia de Mama Antula, primera santa mujer argentina, nos proteja, nos acompa\u00f1e y nos ense\u00f1e a convivir como ella con su inquietud evang\u00e9lica a trav\u00e9s de los ejercicios espirituales. Que Dios los bendiga, y ahora s\u00ed con la intercesi\u00f3n de una santa propia de nuestro pa\u00eds\u00bb, sentenci\u00f3 Ojea.<\/p>\n<p>La entrada <a href=\"https:\/\/diariod3.com\/monsenor-ojea-alerto-por-las-heridas-del-pais-e-insto-a-unirnos-finalmente\/\" rel=\"noreferrer noopener\" target=\"_blank\">Monse\u00f1or Ojea alert\u00f3 por las \u00abheridas\u00bb del pa\u00eds e inst\u00f3 a \u00abunirnos finalmente\u00bb<\/a> se public\u00f3 primero en <a href=\"https:\/\/diariod3.com\/\" rel=\"noreferrer noopener\" target=\"_blank\">DIARIO D3 NOTICIAS | SAN JUAN ARGENTINA<\/a>.<\/p>\n","protected":false},"excerpt":{"rendered":"<p>\u00abQu\u00e9 falta nos hace en este momento de la vida del pa\u00eds, con tantas heridas, con tantas lastimaduras, poder compartir entre distintas culturas, distintas miradas, poder compartir para poder llevar el pa\u00eds adelante, nuestras miradas y unirnos finalmente\u00bb, reflexion\u00f3 el obispo de San Isidro en su reflexi\u00f3n pastoral, el d\u00eda de la canonizaci\u00f3n de Mama Antula.<\/p>\n<p>Ojea tambi\u00e9n es presidente de la conferencia Episcopal Argentina.<br \/>\nEl obispo de San Isidro y presidente de la Conferencia Episcopal Argentina (CEA), monse\u00f1or Oscar Ojea, llam\u00f3 este domingo a la uni\u00f3n de la sociedad, en un momento en que el pa\u00eds sufre, alert\u00f3, \u00abtantas heridas y tantas lastimaduras\u00bb.<\/p>\n<p>Monse\u00f1or Ojea hizo estas afirmaciones en su reflexi\u00f3n pastoral dominical, enmarcada en la canonizaci\u00f3n de Mar\u00eda Antonia de Paz y Figueroa, Mama Antula.<\/p>\n<p>El prelado apel\u00f3 al relato b\u00edblico de la cura del leproso y dijo que \u00abJes\u00fas se conmueve y se compadece frente al l\u00edmite y a la miseria humana. Se conmueve justamente cuando el leproso se i..<\/p>\n","protected":false},"author":2,"featured_media":17597,"comment_status":"","ping_status":"","sticky":false,"template":"","format":"standard","meta":{"footnotes":""},"categories":[12],"tags":[],"_links":{"self":[{"href":"https:\/\/maxradio923.com.ar\/index.php\/wp-json\/wp\/v2\/posts\/17596"}],"collection":[{"href":"https:\/\/maxradio923.com.ar\/index.php\/wp-json\/wp\/v2\/posts"}],"about":[{"href":"https:\/\/maxradio923.com.ar\/index.php\/wp-json\/wp\/v2\/types\/post"}],"author":[{"embeddable":true,"href":"https:\/\/maxradio923.com.ar\/index.php\/wp-json\/wp\/v2\/users\/2"}],"replies":[{"embeddable":true,"href":"https:\/\/maxradio923.com.ar\/index.php\/wp-json\/wp\/v2\/comments?post=17596"}],"version-history":[{"count":0,"href":"https:\/\/maxradio923.com.ar\/index.php\/wp-json\/wp\/v2\/posts\/17596\/revisions"}],"wp:featuredmedia":[{"embeddable":true,"href":"https:\/\/maxradio923.com.ar\/index.php\/wp-json\/wp\/v2\/media\/17597"}],"wp:attachment":[{"href":"https:\/\/maxradio923.com.ar\/index.php\/wp-json\/wp\/v2\/media?parent=17596"}],"wp:term":[{"taxonomy":"category","embeddable":true,"href":"https:\/\/maxradio923.com.ar\/index.php\/wp-json\/wp\/v2\/categories?post=17596"},{"taxonomy":"post_tag","embeddable":true,"href":"https:\/\/maxradio923.com.ar\/index.php\/wp-json\/wp\/v2\/tags?post=17596"}],"curies":[{"name":"wp","href":"https:\/\/api.w.org\/{rel}","templated":true}]}}