{"id":17594,"date":"2024-02-12T00:14:20","date_gmt":"2024-02-12T03:14:20","guid":{"rendered":"https:\/\/maxradio923.com.ar\/index.php\/2024\/02\/12\/gobernadores-de-juntos-por-el-cambio-evaluan-reunirse-para-unificar-su-postura\/"},"modified":"2024-02-12T00:14:20","modified_gmt":"2024-02-12T03:14:20","slug":"gobernadores-de-juntos-por-el-cambio-evaluan-reunirse-para-unificar-su-postura","status":"publish","type":"post","link":"https:\/\/maxradio923.com.ar\/index.php\/2024\/02\/12\/gobernadores-de-juntos-por-el-cambio-evaluan-reunirse-para-unificar-su-postura\/","title":{"rendered":"Gobernadores de Juntos por el Cambio eval\u00faan reunirse para unificar su postura"},"content":{"rendered":"<p><img decoding=\"async\" src=\"https:\/\/diariod3.com\/wp-content\/uploads\/2024\/02\/orrego-gobernadores-juntos-el-cambiojpg-750x430-1.webp\"\/><\/p>\n<p><strong>Los jefes provinciales armar\u00edan una cumbre para consensuar medidas en relaci\u00f3n a la eliminaci\u00f3n de subsidios al transporte, entre otros puntos de suma importancia.<\/strong><\/p>\n<p>En medio de la escalada de tensi\u00f3n del presidente, Javier Milei, por la ca\u00edda de la Ley \u00d3mnibus en el Congreso, los gobernadores de Juntos por el Cambio analizan armar una reuni\u00f3n, pudo saber TN, para consensuar posiciones sobre reclamos al Gobierno.<\/p>\n<p>En los \u00faltimos d\u00edas, creci\u00f3 el enfrentamiento del Presidente con los gobernadores, a los que calific\u00f3 de \u201ccorruptos\u201d, \u201cdelincuentes\u201d por el freno al proyecto de reformas econ\u00f3micas en Diputados, a partir de los legisladores que les responden. Adem\u00e1s, alimentaron la tensi\u00f3n medidas como la eliminaci\u00f3n del Fondo Compensador del Interior, de subsidios a colectivos, como anticip\u00f3 TN, y las exigencias de ajuste a las cuentas p\u00fablicas de las provincias.<\/p>\n<p>Sumado a estas fuertes tensiones, los ministros de Educaci\u00f3n de 20 provincias le reclamaron al Gobierno el env\u00edo de fondos educativos que son competencia de Naci\u00f3n y est\u00e1n destinados al pago de salarios de los docentes, pedido enviado por carta al secretario de Educaci\u00f3n, Carlos Torrendell.<\/p>\n<p>Detr\u00e1s del pedido se encolumnaron tanto gobernadores \u201cdialoguistas\u201d como del peronismo y el kirchnerismo, Buenos Aires, La Pampa, Formosa, La Rioja, San Juan, San Luis, Mendoza, Corrientes, C\u00f3rdoba, Santa Fe y la Ciudad de Buenos Aires (CABA).<\/p>\n<p>Exigen los pagos destinados al Fondo de Compensaci\u00f3n Salarial Docente; el Fondo Nacional de Incentivo Docente, Conectividad y Material Did\u00e1ctico; Programas Educativos Nacionales y el Fondo de Infraestructura, con advertencias \u201cpor la falta de remisi\u00f3n de los fondos contemplados en el marco de la legislaci\u00f3n vigente\u201d.<\/p>\n<p><strong>Fuerte reacci\u00f3n de los gobernadores de JxC a la eliminaci\u00f3n un fondo que subsidiaba los boletos de colectivo<\/strong><\/p>\n<p>Uno de los planteos a consensuar por los gobernadores de JxC es contra la eliminaci\u00f3n del Fondo Compensador del Interior, medida que, seg\u00fan pudo saber TN, responde a una nueva ofensiva de Milei hacia los mandatarios luego de la ca\u00edda de Ley \u00d3mnibus.<\/p>\n<ul>\n<li>El gobernador de Mendoza, Alfredo Cornejo, critic\u00f3 en su cuenta de X, sobre la eliminaci\u00f3n del Fondo Compensador del Interior: \u201cLa eliminaci\u00f3n de subsidios de transporte para el interior del pa\u00eds, sosteniendo los del AMBA, incumple el Pacto Fiscal de 2017. Se mantienen fuertes asimetr\u00edas entre el conurbano bonaerense y el resto del pa\u00eds. Bienvenido el orden fiscal, pero debe ser equitativo\u201d.<\/li>\n<li>Su par de Santa Fe, Maximiliano Pullaro, tambi\u00e9n sali\u00f3 a cruce de la medida: \u201cOtra vez nos dejan solos, siempre hay una discriminaci\u00f3n sobre Santa Fe en particular y sobre el interior de la Rep\u00fablica Argentina en materia de subsidios. A la provincia de Santa Fe siempre la discriminaron. Ahora se le quitan $1500 millones, que era una partecita de los subsidios que daba Naci\u00f3n para sostener los subsidios al transporte. Nunca cre\u00edmos que se iban a cortar los subsidios\u201d, en declaraciones a la prensa en San Javier\u201d.<\/li>\n<\/ul>\n<p>Fuente: <a href=\"https:\/\/tn.com.ar\/politica\/2024\/02\/11\/gobernadores-de-juntos-por-el-cambio-evaluan-reunirse-para-unificar-su-postura-frente-al-gobierno-de-milei\/\" rel=\"noreferrer noopener\" target=\"_blank\">TN<\/a><\/p>\n<p>La entrada <a href=\"https:\/\/diariod3.com\/gobernadores-de-juntos-por-el-cambio-evaluan-reunirse-para-unificar-su-postura\/\" rel=\"noreferrer noopener\" target=\"_blank\">Gobernadores de Juntos por el Cambio eval\u00faan reunirse para unificar su postura<\/a> se public\u00f3 primero en <a href=\"https:\/\/diariod3.com\/\" rel=\"noreferrer noopener\" target=\"_blank\">DIARIO D3 NOTICIAS | SAN JUAN ARGENTINA<\/a>.<\/p>\n","protected":false},"excerpt":{"rendered":"<p>Los jefes provinciales armar\u00edan una cumbre para consensuar medidas en relaci\u00f3n a la eliminaci\u00f3n de subsidios al transporte, entre otros puntos de suma importancia.<\/p>\n<p>En medio de la escalada de tensi\u00f3n del presidente, Javier Milei, por la ca\u00edda de la Ley \u00d3mnibus en el Congreso, los gobernadores de Juntos por el Cambio analizan armar una reuni\u00f3n, pudo saber TN, para consensuar posiciones sobre reclamos al Gobierno.<\/p>\n<p>En los \u00faltimos d\u00edas, creci\u00f3 el enfrentamiento del Presidente con los gobernadores, a los que calific\u00f3 de \u201ccorruptos\u201d, \u201cdelincuentes\u201d por el freno al proyecto de reformas econ\u00f3micas en Diputados, a partir de los legisladores que les responden. Adem\u00e1s, alimentaron la tensi\u00f3n medidas como la eliminaci\u00f3n del Fondo Compensador del Interior, de subsidios a colectivos, como anticip\u00f3 TN, y las exigencias de ajuste a las cuentas p\u00fablicas de las provincias.<\/p>\n<p>Sumado a estas fuertes tensiones, los ministros de Educaci\u00f3n de 20 provincias le reclamaron al Gobierno el env\u00edo de fondos educati..<\/p>\n","protected":false},"author":2,"featured_media":17595,"comment_status":"","ping_status":"","sticky":false,"template":"","format":"standard","meta":{"footnotes":""},"categories":[12],"tags":[],"_links":{"self":[{"href":"https:\/\/maxradio923.com.ar\/index.php\/wp-json\/wp\/v2\/posts\/17594"}],"collection":[{"href":"https:\/\/maxradio923.com.ar\/index.php\/wp-json\/wp\/v2\/posts"}],"about":[{"href":"https:\/\/maxradio923.com.ar\/index.php\/wp-json\/wp\/v2\/types\/post"}],"author":[{"embeddable":true,"href":"https:\/\/maxradio923.com.ar\/index.php\/wp-json\/wp\/v2\/users\/2"}],"replies":[{"embeddable":true,"href":"https:\/\/maxradio923.com.ar\/index.php\/wp-json\/wp\/v2\/comments?post=17594"}],"version-history":[{"count":0,"href":"https:\/\/maxradio923.com.ar\/index.php\/wp-json\/wp\/v2\/posts\/17594\/revisions"}],"wp:featuredmedia":[{"embeddable":true,"href":"https:\/\/maxradio923.com.ar\/index.php\/wp-json\/wp\/v2\/media\/17595"}],"wp:attachment":[{"href":"https:\/\/maxradio923.com.ar\/index.php\/wp-json\/wp\/v2\/media?parent=17594"}],"wp:term":[{"taxonomy":"category","embeddable":true,"href":"https:\/\/maxradio923.com.ar\/index.php\/wp-json\/wp\/v2\/categories?post=17594"},{"taxonomy":"post_tag","embeddable":true,"href":"https:\/\/maxradio923.com.ar\/index.php\/wp-json\/wp\/v2\/tags?post=17594"}],"curies":[{"name":"wp","href":"https:\/\/api.w.org\/{rel}","templated":true}]}}