{"id":17581,"date":"2024-02-12T00:09:19","date_gmt":"2024-02-12T03:09:19","guid":{"rendered":"https:\/\/maxradio923.com.ar\/index.php\/2024\/02\/12\/denuncian-en-venezuela-el-arresto-de-una-reconocida-defensora-de-derechos-humanos-y-analista-militar-critica-del-chavismo\/"},"modified":"2024-02-12T00:09:19","modified_gmt":"2024-02-12T03:09:19","slug":"denuncian-en-venezuela-el-arresto-de-una-reconocida-defensora-de-derechos-humanos-y-analista-militar-critica-del-chavismo","status":"publish","type":"post","link":"https:\/\/maxradio923.com.ar\/index.php\/2024\/02\/12\/denuncian-en-venezuela-el-arresto-de-una-reconocida-defensora-de-derechos-humanos-y-analista-militar-critica-del-chavismo\/","title":{"rendered":"Denuncian en Venezuela el arresto de una reconocida defensora de derechos humanos y analista militar, cr\u00edtica del chavismo"},"content":{"rendered":"<p><img decoding=\"async\" alt=\"La detenci\u00f3n de San Miguel se habr\u00eda producido el viernes en el aeropuerto de Maiquet\u00eda, en Caracas. Foto AP\" src=\"https:\/\/www.clarin.com\/img\/2024\/02\/11\/CoRe2tWOI_720x0__1.jpg\"\/>La detenci\u00f3n de San Miguel se habr\u00eda producido el viernes en el aeropuerto de Maiquet\u00eda, en Caracas. Foto AP<\/p>\n","protected":false},"excerpt":{"rendered":"<p>La detenci\u00f3n de San Miguel se habr\u00eda producido el viernes en el aeropuerto de Maiquet\u00eda, en Caracas. Foto AP<\/p>\n","protected":false},"author":2,"featured_media":0,"comment_status":"","ping_status":"","sticky":false,"template":"","format":"standard","meta":{"footnotes":""},"categories":[3],"tags":[],"_links":{"self":[{"href":"https:\/\/maxradio923.com.ar\/index.php\/wp-json\/wp\/v2\/posts\/17581"}],"collection":[{"href":"https:\/\/maxradio923.com.ar\/index.php\/wp-json\/wp\/v2\/posts"}],"about":[{"href":"https:\/\/maxradio923.com.ar\/index.php\/wp-json\/wp\/v2\/types\/post"}],"author":[{"embeddable":true,"href":"https:\/\/maxradio923.com.ar\/index.php\/wp-json\/wp\/v2\/users\/2"}],"replies":[{"embeddable":true,"href":"https:\/\/maxradio923.com.ar\/index.php\/wp-json\/wp\/v2\/comments?post=17581"}],"version-history":[{"count":0,"href":"https:\/\/maxradio923.com.ar\/index.php\/wp-json\/wp\/v2\/posts\/17581\/revisions"}],"wp:attachment":[{"href":"https:\/\/maxradio923.com.ar\/index.php\/wp-json\/wp\/v2\/media?parent=17581"}],"wp:term":[{"taxonomy":"category","embeddable":true,"href":"https:\/\/maxradio923.com.ar\/index.php\/wp-json\/wp\/v2\/categories?post=17581"},{"taxonomy":"post_tag","embeddable":true,"href":"https:\/\/maxradio923.com.ar\/index.php\/wp-json\/wp\/v2\/tags?post=17581"}],"curies":[{"name":"wp","href":"https:\/\/api.w.org\/{rel}","templated":true}]}}