{"id":17577,"date":"2024-02-12T00:04:53","date_gmt":"2024-02-12T03:04:53","guid":{"rendered":"https:\/\/maxradio923.com.ar\/index.php\/2024\/02\/12\/incendios-en-el-sur-el-fuego-en-los-alerces-ya-quemo-8-000-hectareas-y-viajan-bomberos-de-la-ciudad\/"},"modified":"2024-02-12T00:04:53","modified_gmt":"2024-02-12T03:04:53","slug":"incendios-en-el-sur-el-fuego-en-los-alerces-ya-quemo-8-000-hectareas-y-viajan-bomberos-de-la-ciudad","status":"publish","type":"post","link":"https:\/\/maxradio923.com.ar\/index.php\/2024\/02\/12\/incendios-en-el-sur-el-fuego-en-los-alerces-ya-quemo-8-000-hectareas-y-viajan-bomberos-de-la-ciudad\/","title":{"rendered":"Incendios en el Sur: el fuego en los Alerces ya quem\u00f3 8.000 hect\u00e1reas y viajan bomberos de la Ciudad"},"content":{"rendered":"<ul>\n<li>Para esta tarde esperan fuertes vientos, tormentas el\u00e9ctricas y algunas lluvias dispersas. <\/li>\n<li>En el Parque Nacional Lan\u00edn todav\u00eda hay tres focos activos.<\/li>\n<\/ul>\n","protected":false},"excerpt":{"rendered":"<p>Para esta tarde esperan fuertes vientos, tormentas el\u00e9ctricas y algunas lluvias dispersas. En el Parque Nacional Lan\u00edn todav\u00eda hay tres focos activos.<\/p>\n","protected":false},"author":2,"featured_media":17578,"comment_status":"","ping_status":"","sticky":false,"template":"","format":"standard","meta":{"footnotes":""},"categories":[9],"tags":[],"_links":{"self":[{"href":"https:\/\/maxradio923.com.ar\/index.php\/wp-json\/wp\/v2\/posts\/17577"}],"collection":[{"href":"https:\/\/maxradio923.com.ar\/index.php\/wp-json\/wp\/v2\/posts"}],"about":[{"href":"https:\/\/maxradio923.com.ar\/index.php\/wp-json\/wp\/v2\/types\/post"}],"author":[{"embeddable":true,"href":"https:\/\/maxradio923.com.ar\/index.php\/wp-json\/wp\/v2\/users\/2"}],"replies":[{"embeddable":true,"href":"https:\/\/maxradio923.com.ar\/index.php\/wp-json\/wp\/v2\/comments?post=17577"}],"version-history":[{"count":0,"href":"https:\/\/maxradio923.com.ar\/index.php\/wp-json\/wp\/v2\/posts\/17577\/revisions"}],"wp:featuredmedia":[{"embeddable":true,"href":"https:\/\/maxradio923.com.ar\/index.php\/wp-json\/wp\/v2\/media\/17578"}],"wp:attachment":[{"href":"https:\/\/maxradio923.com.ar\/index.php\/wp-json\/wp\/v2\/media?parent=17577"}],"wp:term":[{"taxonomy":"category","embeddable":true,"href":"https:\/\/maxradio923.com.ar\/index.php\/wp-json\/wp\/v2\/categories?post=17577"},{"taxonomy":"post_tag","embeddable":true,"href":"https:\/\/maxradio923.com.ar\/index.php\/wp-json\/wp\/v2\/tags?post=17577"}],"curies":[{"name":"wp","href":"https:\/\/api.w.org\/{rel}","templated":true}]}}