{"id":17559,"date":"2024-02-10T11:34:59","date_gmt":"2024-02-10T14:34:59","guid":{"rendered":"https:\/\/maxradio923.com.ar\/index.php\/2024\/02\/10\/walter-bustos-apto-para-asistir-al-juicio-segun-junta-medica\/"},"modified":"2024-02-10T11:34:59","modified_gmt":"2024-02-10T14:34:59","slug":"walter-bustos-apto-para-asistir-al-juicio-segun-junta-medica","status":"publish","type":"post","link":"https:\/\/maxradio923.com.ar\/index.php\/2024\/02\/10\/walter-bustos-apto-para-asistir-al-juicio-segun-junta-medica\/","title":{"rendered":"Walter Bustos: Apto para Asistir al Juicio seg\u00fan Junta M\u00e9dica"},"content":{"rendered":"<p><img decoding=\"async\" src=\"https:\/\/diariod3.com\/wp-content\/uploads\/2024\/02\/walter-bustosjpg.webp\"\/> <\/p>\n<p>Fuentes judiciales han confirmado que, tras el an\u00e1lisis realizado por la Junta M\u00e9dica, el cura Walter Bustos est\u00e1 considerado apto para asistir al segundo juicio por abuso sexual en su contra. Este veredicto se produce despu\u00e9s de que en diciembre pasado se suspendiera el proceso judicial debido a su estado psicoemocional, que lo llev\u00f3 a ser internado.<\/p>\n<p>La Junta M\u00e9dica, compuesta por un psiquiatra, un psic\u00f3logo, un m\u00e9dico cl\u00ednico y un psic\u00f3logo de parte (defensa), concluy\u00f3 que Bustos presenta un cuadro de estr\u00e9s traum\u00e1tico y una inestabilidad emocional constante. En el informe, se recomienda que no sea sometido a juicio de manera presencial en la sala de Tribunales, sugiriendo en su lugar la participaci\u00f3n a trav\u00e9s de teleconferencia, con asistencia psicol\u00f3gica presente durante las audiencias.<\/p>\n<p>La decisi\u00f3n final sobre la modalidad de participaci\u00f3n de Bustos recae en el presidente del Tribunal, el juez Federico Rodr\u00edguez. La opci\u00f3n de presenciar el juicio en la sala o a trav\u00e9s de teleconferencia ser\u00e1 determinada despu\u00e9s de evaluar los argumentos presentados por el fiscal Mario Panetta y la defensora Sandra Leveque.<\/p>\n<p>Se espera que, en los pr\u00f3ximos d\u00edas, se notifique la fecha de inicio del debate. Sin embargo, el inicio del juicio no se llevar\u00e1 a cabo de inmediato, ya que se deben organizar los detalles log\u00edsticos considerando la presencia de testigos provenientes de Valle F\u00e9rtil y La Rioja. La coordinaci\u00f3n del cronograma de audiencias y el traslado de testigos ser\u00e1n aspectos clave a tener en cuenta para el desarrollo efectivo del proceso.<\/p>\n<p>La entrada Walter Bustos: Apto para Asistir al Juicio seg\u00fan Junta M\u00e9dica se public\u00f3 primero en DIARIO D3 NOTICIAS | SAN JUAN ARGENTINA.<\/p>\n","protected":false},"excerpt":{"rendered":"<p>Fuentes judiciales han confirmado que, tras el an\u00e1lisis realizado por la Junta M\u00e9dica, el cura Walter Bustos est\u00e1 considerado apto para asistir al segundo juicio por abuso sexual en su contra. Este veredicto se produce despu\u00e9s de que en diciembre pasado se suspendiera el proceso judicial debido a su estado psicoemocional, que lo llev\u00f3 a ser internado.<br \/>\n La Junta M\u00e9dica, compuesta por un psiquiatra, un psic\u00f3logo, un m\u00e9dico cl\u00ednico y un psic\u00f3logo de parte (defensa), concluy\u00f3 que Bustos presenta un cuadro de estr\u00e9s traum\u00e1tico y una inestabilidad emocional constante. En el informe, se recomienda que no sea sometido a juicio de manera presencial en la sala de Tribunales, sugiriendo en su lugar la participaci\u00f3n a trav\u00e9s de teleconferencia, con asistencia psicol\u00f3gica presente durante las audiencias.<br \/>\n La decisi\u00f3n final sobre la modalidad de participaci\u00f3n de Bustos recae en el presidente del Tribunal, el juez Federico Rodr\u00edguez. La opci\u00f3n de presenciar el juicio en la sala o a trav\u00e9s de teleconf..<\/p>\n","protected":false},"author":2,"featured_media":17560,"comment_status":"","ping_status":"","sticky":false,"template":"","format":"standard","meta":{"footnotes":""},"categories":[8],"tags":[],"_links":{"self":[{"href":"https:\/\/maxradio923.com.ar\/index.php\/wp-json\/wp\/v2\/posts\/17559"}],"collection":[{"href":"https:\/\/maxradio923.com.ar\/index.php\/wp-json\/wp\/v2\/posts"}],"about":[{"href":"https:\/\/maxradio923.com.ar\/index.php\/wp-json\/wp\/v2\/types\/post"}],"author":[{"embeddable":true,"href":"https:\/\/maxradio923.com.ar\/index.php\/wp-json\/wp\/v2\/users\/2"}],"replies":[{"embeddable":true,"href":"https:\/\/maxradio923.com.ar\/index.php\/wp-json\/wp\/v2\/comments?post=17559"}],"version-history":[{"count":0,"href":"https:\/\/maxradio923.com.ar\/index.php\/wp-json\/wp\/v2\/posts\/17559\/revisions"}],"wp:featuredmedia":[{"embeddable":true,"href":"https:\/\/maxradio923.com.ar\/index.php\/wp-json\/wp\/v2\/media\/17560"}],"wp:attachment":[{"href":"https:\/\/maxradio923.com.ar\/index.php\/wp-json\/wp\/v2\/media?parent=17559"}],"wp:term":[{"taxonomy":"category","embeddable":true,"href":"https:\/\/maxradio923.com.ar\/index.php\/wp-json\/wp\/v2\/categories?post=17559"},{"taxonomy":"post_tag","embeddable":true,"href":"https:\/\/maxradio923.com.ar\/index.php\/wp-json\/wp\/v2\/tags?post=17559"}],"curies":[{"name":"wp","href":"https:\/\/api.w.org\/{rel}","templated":true}]}}